{"id":14172,"date":"2019-03-21T10:45:00","date_gmt":"2019-03-21T09:45:00","guid":{"rendered":"https:\/\/www.abd-bvd.be\/?p=14172"},"modified":"2020-03-21T12:41:16","modified_gmt":"2020-03-21T11:41:16","slug":"2019-1","status":"publish","type":"post","link":"https:\/\/www.abd-bvd.be\/fr\/cahiers-de-la-documentation\/2019-1\/","title":{"rendered":"Cahiers de la Documentation 2019\/1 (mars 2019)"},"content":{"rendered":"\r\n<h2>\u00c9dito<img loading=\"lazy\" decoding=\"async\" class=\"alignleft size-medium wp-image-14174\" src=\"https:\/\/www.abd-bvd.be\/wp-content\/uploads\/2019-1-Couv-212x300.jpg\" alt=\"\" width=\"212\" height=\"300\" srcset=\"https:\/\/www.abd-bvd.be\/wp-content\/uploads\/2019-1-Couv-212x300.jpg 212w, https:\/\/www.abd-bvd.be\/wp-content\/uploads\/2019-1-Couv-768x1088.jpg 768w, https:\/\/www.abd-bvd.be\/wp-content\/uploads\/2019-1-Couv-723x1024.jpg 723w\" sizes=\"auto, (max-width: 212px) 100vw, 212px\" \/>rial<\/h2>\r\n<p style=\"text-align: justify;\">Depuis que j&rsquo;ai repris la coordination des Cahiers en 2017, c&rsquo;est la premi\u00e8re fois que je prends la plume (ou plut\u00f4t, le clavier) en tant que r\u00e9dacteur en chef d&rsquo;un num\u00e9ro. Eh oui, vous le savez bien, ch\u00e8res et chers coll\u00e8gues : nos m\u00e9tiers, \u00e0 vocation sociale et\/ou technique, nous am\u00e8nent souvent \u00e0 porter plusieurs casquettes. Nous le faisons par n\u00e9cessit\u00e9 bien s\u00fbr, mais aussi parce que nous y trouvons une forme de satisfaction, pour rendre service principalement. C&rsquo;est mon cas aussi aujourd&rsquo;hui.<\/p>\r\n<p style=\"text-align: justify;\">Apr\u00e8s les Cahiers sp\u00e9ciaux \u00ab\u00a0War &amp; Peace &amp; Documentation\u00a0\u00bb propos\u00e9s en d\u00e9cembre 2018, et pour lesquels je remercie encore vivement le comit\u00e9 \u00e9ditorial ayant \u0153uvr\u00e9 d&rsquo;arrache-pied sur ce num\u00e9ro, voici pour commencer 2019 un num\u00e9ro un peu plus l\u00e9ger.<\/p>\r\n<p style=\"text-align: justify;\">Nous commen\u00e7ons par un article tr\u00e8s int\u00e9ressant sur l&rsquo;open access, \u00e9crit par le Dr Demmy Verbeke des Biblioth\u00e8ques de la KU Leuven. Ensuite, comme promis dans les Cahiers 2018\/3 de septembre, vous pourrez lire la seconde et derni\u00e8re partie du long mais n\u00e9anmoins passionnant article de Siham Alaoui sur l&rsquo;usage d&rsquo;un SIGB au Maroc, richement illustr\u00e9 par des tableaux.<\/p>\r\n<p style=\"text-align: justify;\">\u00c0 la mi-octobre 2018, le R\u00e9seau Bruxellois de Documentation Sant\u00e9 (RBDSant\u00e9) a organis\u00e9 une matin\u00e9e d&rsquo;\u00e9tude intitul\u00e9e \u00ab\u00a0Les nouveaux usages en mati\u00e8re d&rsquo;information-documentation sant\u00e9\u00a0\u00bb, dont un compte-rendu \u00e9crit par Juliette Vanderveken a \u00e9t\u00e9 publi\u00e9 dans la revue \u00c9ducation Sant\u00e9. Il est ici reproduit avec l&rsquo;aimable autorisation de l&rsquo;auteure et de la revue.<\/p>\r\n<p style=\"text-align: justify;\">Enfin vous retrouverez vos rubriques habituelles. Je vous souhaite une bonne lecture, au plaisir de vous croiser prochainement.<\/p>\r\n<p style=\"text-align: right;\"><strong>Samuel PIRET<\/strong><br>Coordinateur des Cahiers de la Documentation<\/p>\r\n<p>&nbsp;<\/p>\r\n<h2 style=\"text-align: justify;\">Niet alle goud blinkt: profit versus non-profit Open Access<\/h2>\r\n<p><strong>Demmy VERBEKE<\/strong>, Hoofd Artes<\/p>\r\n<p style=\"text-align: justify;\">En Belgique, l\u2019Acc\u00e8s ouvert (AO) passe principalement par la Voie verte, donc par l\u2019autoarchivage des copies d\u2019archives d\u2019articles scientifiques. \u00c9tant donn\u00e9 qu\u2019il s\u2019agit souvent de versions moins pr\u00e9cieuses qui sont publi\u00e9es un peu apr\u00e8s les versions commerciales, cette approche ne constitue pas un v\u00e9ritable d\u00e9fi pour le mode de publication traditionnel. En outre, des monographies et des recueils en Voie verte passent g\u00e9n\u00e9ralement inaper\u00e7us. La Voie dor\u00e9e offre une solution potentielle, tant pour les articles que pour les livres : les auteurs scientifiques publient alors imm\u00e9diatement en AO. Or le grand danger de ce mod\u00e8le est qu\u2019il soit exploit\u00e9 commercialement, l\u2019AO \u00e9tant alors certes assur\u00e9, mais \u00e0 un prix tr\u00e8s \u00e9lev\u00e9 pour les auteurs et\/ou les institutions pour lesquelles ils travaillent. Il existe cependant une forme d\u2019AO dor\u00e9 qui exclut une telle exploitation commerciale, \u00e0 savoir l\u2019AO dor\u00e9 \u00e9quitable. Depuis 2018, la KU Leuven soutient cette forme d\u2019AO \u00e0 but non lucratif via le Fonds de la KU Leuven pour l\u2019AO \u00e9quitable.<\/p>\r\n<p><span class=\"file-button\"><a href=\"https:\/\/www.abd-bvd.be\/wp-content\/uploads\/2019-1-Verbeke.pdf\">T\u00e9l\u00e9charger (NL)<\/a><\/span><\/p>\r\n<h2 class=\"Default\" style=\"text-align: justify;\">\u00c9tude de l\u2019utilisabilit\u00e9 d\u2019un syst\u00e8me int\u00e9gr\u00e9 de gestion de biblioth\u00e8que (SIGB) : le cas d\u2019une biblioth\u00e8que sp\u00e9cialis\u00e9e d\u2019une organisation publique marocaine (2\u00e8me partie)<\/h2>\r\n<p><b>Siham ALAOUI,<\/b> \u00c9tudiante au doctorat, d\u00e9partement des sciences historiques, Universit\u00e9 Laval, Qu\u00e9bec, Canada<\/p>\r\n<p style=\"text-align: justify;\">De nos jours, on assiste \u00e0 l\u2019utilisation massive des technologies de l\u2019information. Au Maroc, les projets d\u2019informatisation des fonds documentaires se voient de plus en plus se r\u00e9pandre dans les biblioth\u00e8ques. La r\u00e9alisation de ces projets se fait par la mise en place des syst\u00e8mes d\u2019information documentaire dits les syst\u00e8mes int\u00e9gr\u00e9s de gestion des biblioth\u00e8ques (SIGB). Ceux-ci visent \u00e0 automatiser les t\u00e2ches des biblioth\u00e9caires. A l\u2019issue du projet et du d\u00e9ploiement de ces SIGB, ces syst\u00e8mes sont destin\u00e9s \u00e0 \u00eatre utilis\u00e9s par les employ\u00e9s des organisations. N\u00e9anmoins, l\u2019utilisation de ces syst\u00e8mes est remise en question : elle d\u00e9pend d\u2019un nombre de facteurs de perception individuelle \u00e0 l\u2019\u00e9gard de ces syst\u00e8mes. Cet article pr\u00e9sente une \u00e9tude exploratoire-descriptive de ces facteurs dans le contexte organisationnel marocain.<\/p>\r\n<p><span class=\"file-button\"><a href=\"https:\/\/www.abd-bvd.be\/wp-content\/uploads\/2019-1-Alaoui.pdf\">T\u00e9l\u00e9charger (FR)<\/a><\/span><\/p>\r\n<h2 style=\"text-align: justify;\">Les nouveaux usages en mati\u00e8re d&rsquo;information-documentation sant\u00e9, des pistes de r\u00e9flexion<\/h2>\r\n<p><strong>Juliette VANDERVEKEN<\/strong>, Journaliste<\/p>\r\n<p style=\"text-align: justify;\">La transformation digitale n&rsquo;est pas un sujet nouveau pour les documentalistes. Au contraire, charg\u00e9s d&rsquo;aider les acteurs et le public \u00e0 bien s&rsquo;informer, ils font figure de pionniers en ayant pris ce virage tr\u00e8s t\u00f4t via la cr\u00e9ation de bases de donn\u00e9es, d&rsquo;outils de veille, de portails d&rsquo;information&#8230; Aujourd&rsquo;hui pourtant, l&rsquo;impact de cette \u00e9volution aupr\u00e8s des usagers est \u00e9norme. Dans un contexte de surabondance de l&rsquo;information, de d\u00e9mat\u00e9rialisation et de sentiment d&rsquo;acc\u00e8s imm\u00e9diat \u00e0 celle-ci, force est de constater que les usages et pratiques ont \u00e9volu\u00e9 et que les fronti\u00e8res des m\u00e9tiers de l&rsquo;information \u00e9voluent. Le R\u00e9seau Bruxellois de Documentation Sant\u00e9 (RBD Sant\u00e9) a organis\u00e9 une matin\u00e9e d&rsquo;\u00e9tude avec les acteurs du secteur pour pousser la r\u00e9flexion sur ces nouveaux usages et sur le (nouveau ?) r\u00f4le que peuvent endosser les acteurs de sant\u00e9 et les professionnels de l&rsquo;information.<\/p>\r\n<p><span class=\"file-button\"><a href=\"https:\/\/www.abd-bvd.be\/wp-content\/uploads\/2019-1-Vanderveken.pdf\">T\u00e9l\u00e9charger (FR)<\/a><\/span><\/p>\r\n<p style=\"text-align: right;\"><span class=\"file-button\"><a href=\"https:\/\/www.abd-bvd.be\/wp-content\/uploads\/2019-1-full.pdf\">T\u00e9l\u00e9charger le num\u00e9ro complet<\/a><\/span><\/p>\r\n","protected":false},"excerpt":{"rendered":"<p>\u00c9ditorial Depuis que j&rsquo;ai repris la coordination des Cahiers en 2017, c&rsquo;est la premi\u00e8re fois que je prends la plume (ou plut\u00f4t, le clavier) en tant que r\u00e9dacteur en chef d&rsquo;un num\u00e9ro. Eh oui, vous le savez bien, ch\u00e8res et chers coll\u00e8gues : nos m\u00e9tiers, \u00e0 vocation sociale et\/ou technique, nous am\u00e8nent souvent \u00e0 porter [&hellip;]<\/p>\n","protected":false},"author":25,"featured_media":0,"comment_status":"closed","ping_status":"open","sticky":false,"template":"","format":"standard","meta":{"_acf_changed":false,"footnotes":"","_wpscppro_dont_share_socialmedia":false,"_wpscppro_custom_social_share_image":0,"_facebook_share_type":"","_twitter_share_type":"","_linkedin_share_type":"","_pinterest_share_type":"","_linkedin_share_type_page":"","_instagram_share_type":"","_medium_share_type":"","_threads_share_type":"","_google_business_share_type":"","_selected_social_profile":[],"_wpsp_enable_custom_social_template":false,"_wpsp_social_scheduling":{"enabled":false,"datetime":null,"platforms":[],"status":"template_only","dateOption":"today","timeOption":"now","customDays":"","customHours":"","customDate":"","customTime":"","schedulingType":"absolute"},"_wpsp_active_default_template":true},"categories":[69],"tags":[],"class_list":["post-14172","post","type-post","status-publish","format-standard","hentry","category-cahiers-de-la-documentation"],"acf":[],"yoast_head":"<!-- This site is optimized with the Yoast SEO plugin v27.4 - https:\/\/yoast.com\/product\/yoast-seo-wordpress\/ -->\n<title>Cahiers de la Documentation 2019\/1 (mars 2019) - ABD-BVD<\/title>\n<meta name=\"robots\" content=\"index, follow, max-snippet:-1, max-image-preview:large, max-video-preview:-1\" \/>\n<link rel=\"canonical\" href=\"https:\/\/www.abd-bvd.be\/fr\/cahiers-de-la-documentation\/2019-1\/\" \/>\n<meta property=\"og:locale\" content=\"fr_FR\" \/>\n<meta property=\"og:type\" content=\"article\" \/>\n<meta property=\"og:title\" content=\"Cahiers de la Documentation 2019\/1 (mars 2019) - ABD-BVD\" \/>\n<meta property=\"og:description\" content=\"\u00c9ditorial Depuis que j&rsquo;ai repris la coordination des Cahiers en 2017, c&rsquo;est la premi\u00e8re fois que je prends la plume (ou plut\u00f4t, le clavier) en tant que r\u00e9dacteur en chef d&rsquo;un num\u00e9ro. Eh oui, vous le savez bien, ch\u00e8res et chers coll\u00e8gues : nos m\u00e9tiers, \u00e0 vocation sociale et\/ou technique, nous am\u00e8nent souvent \u00e0 porter [&hellip;]\" \/>\n<meta property=\"og:url\" content=\"https:\/\/www.abd-bvd.be\/fr\/cahiers-de-la-documentation\/2019-1\/\" \/>\n<meta property=\"og:site_name\" content=\"ABD-BVD\" \/>\n<meta property=\"article:published_time\" content=\"2019-03-21T09:45:00+00:00\" \/>\n<meta property=\"article:modified_time\" content=\"2020-03-21T11:41:16+00:00\" \/>\n<meta property=\"og:image\" content=\"https:\/\/www.abd-bvd.be\/wp-content\/uploads\/2019-1-Couv-212x300.jpg\" \/>\n<meta name=\"author\" content=\"Samuel Piret\" \/>\n<meta name=\"twitter:card\" content=\"summary_large_image\" \/>\n<meta name=\"twitter:label1\" content=\"\u00c9crit par\" \/>\n\t<meta name=\"twitter:data1\" content=\"Samuel Piret\" \/>\n\t<meta name=\"twitter:label2\" content=\"Dur\u00e9e de lecture estim\u00e9e\" \/>\n\t<meta name=\"twitter:data2\" content=\"4 minutes\" \/>\n<script type=\"application\/ld+json\" class=\"yoast-schema-graph\">{\"@context\":\"https:\\\/\\\/schema.org\",\"@graph\":[{\"@type\":\"Article\",\"@id\":\"https:\\\/\\\/www.abd-bvd.be\\\/fr\\\/cahiers-de-la-documentation\\\/2019-1\\\/#article\",\"isPartOf\":{\"@id\":\"https:\\\/\\\/www.abd-bvd.be\\\/fr\\\/cahiers-de-la-documentation\\\/2019-1\\\/\"},\"author\":{\"name\":\"Samuel Piret\",\"@id\":\"https:\\\/\\\/www.abd-bvd.be\\\/fr\\\/#\\\/schema\\\/person\\\/8c1477a1481ed8775cc8dc40620a7fc4\"},\"headline\":\"Cahiers de la Documentation 2019\\\/1 (mars 2019)\",\"datePublished\":\"2019-03-21T09:45:00+00:00\",\"dateModified\":\"2020-03-21T11:41:16+00:00\",\"mainEntityOfPage\":{\"@id\":\"https:\\\/\\\/www.abd-bvd.be\\\/fr\\\/cahiers-de-la-documentation\\\/2019-1\\\/\"},\"wordCount\":888,\"image\":{\"@id\":\"https:\\\/\\\/www.abd-bvd.be\\\/fr\\\/cahiers-de-la-documentation\\\/2019-1\\\/#primaryimage\"},\"thumbnailUrl\":\"https:\\\/\\\/www.abd-bvd.be\\\/wp-content\\\/uploads\\\/2019-1-Couv-212x300.jpg\",\"articleSection\":[\"Cahiers de la Documentation\"],\"inLanguage\":\"fr-FR\"},{\"@type\":\"WebPage\",\"@id\":\"https:\\\/\\\/www.abd-bvd.be\\\/fr\\\/cahiers-de-la-documentation\\\/2019-1\\\/\",\"url\":\"https:\\\/\\\/www.abd-bvd.be\\\/fr\\\/cahiers-de-la-documentation\\\/2019-1\\\/\",\"name\":\"Cahiers de la Documentation 2019\\\/1 (mars 2019) - ABD-BVD\",\"isPartOf\":{\"@id\":\"https:\\\/\\\/www.abd-bvd.be\\\/fr\\\/#website\"},\"primaryImageOfPage\":{\"@id\":\"https:\\\/\\\/www.abd-bvd.be\\\/fr\\\/cahiers-de-la-documentation\\\/2019-1\\\/#primaryimage\"},\"image\":{\"@id\":\"https:\\\/\\\/www.abd-bvd.be\\\/fr\\\/cahiers-de-la-documentation\\\/2019-1\\\/#primaryimage\"},\"thumbnailUrl\":\"https:\\\/\\\/www.abd-bvd.be\\\/wp-content\\\/uploads\\\/2019-1-Couv-212x300.jpg\",\"datePublished\":\"2019-03-21T09:45:00+00:00\",\"dateModified\":\"2020-03-21T11:41:16+00:00\",\"author\":{\"@id\":\"https:\\\/\\\/www.abd-bvd.be\\\/fr\\\/#\\\/schema\\\/person\\\/8c1477a1481ed8775cc8dc40620a7fc4\"},\"breadcrumb\":{\"@id\":\"https:\\\/\\\/www.abd-bvd.be\\\/fr\\\/cahiers-de-la-documentation\\\/2019-1\\\/#breadcrumb\"},\"inLanguage\":\"fr-FR\",\"potentialAction\":[{\"@type\":\"ReadAction\",\"target\":[\"https:\\\/\\\/www.abd-bvd.be\\\/fr\\\/cahiers-de-la-documentation\\\/2019-1\\\/\"]}]},{\"@type\":\"ImageObject\",\"inLanguage\":\"fr-FR\",\"@id\":\"https:\\\/\\\/www.abd-bvd.be\\\/fr\\\/cahiers-de-la-documentation\\\/2019-1\\\/#primaryimage\",\"url\":\"https:\\\/\\\/www.abd-bvd.be\\\/wp-content\\\/uploads\\\/2019-1-Couv-212x300.jpg\",\"contentUrl\":\"https:\\\/\\\/www.abd-bvd.be\\\/wp-content\\\/uploads\\\/2019-1-Couv-212x300.jpg\"},{\"@type\":\"BreadcrumbList\",\"@id\":\"https:\\\/\\\/www.abd-bvd.be\\\/fr\\\/cahiers-de-la-documentation\\\/2019-1\\\/#breadcrumb\",\"itemListElement\":[{\"@type\":\"ListItem\",\"position\":1,\"name\":\"Accueil\",\"item\":\"https:\\\/\\\/www.abd-bvd.be\\\/fr\\\/\"},{\"@type\":\"ListItem\",\"position\":2,\"name\":\"Cahiers de la Documentation 2019\\\/1 (mars 2019)\"}]},{\"@type\":\"WebSite\",\"@id\":\"https:\\\/\\\/www.abd-bvd.be\\\/fr\\\/#website\",\"url\":\"https:\\\/\\\/www.abd-bvd.be\\\/fr\\\/\",\"name\":\"ABD-BVD\",\"description\":\"Association Belge de documentation - Belgische verniging voor documentatie\",\"potentialAction\":[{\"@type\":\"SearchAction\",\"target\":{\"@type\":\"EntryPoint\",\"urlTemplate\":\"https:\\\/\\\/www.abd-bvd.be\\\/fr\\\/?s={search_term_string}\"},\"query-input\":{\"@type\":\"PropertyValueSpecification\",\"valueRequired\":true,\"valueName\":\"search_term_string\"}}],\"inLanguage\":\"fr-FR\"},{\"@type\":\"Person\",\"@id\":\"https:\\\/\\\/www.abd-bvd.be\\\/fr\\\/#\\\/schema\\\/person\\\/8c1477a1481ed8775cc8dc40620a7fc4\",\"name\":\"Samuel Piret\",\"image\":{\"@type\":\"ImageObject\",\"inLanguage\":\"fr-FR\",\"@id\":\"https:\\\/\\\/secure.gravatar.com\\\/avatar\\\/cee3a2d3b154849fab4023fe8528c315fac5f6770fdae8bb480de9d0e0b272a8?s=96&d=mm&r=g\",\"url\":\"https:\\\/\\\/secure.gravatar.com\\\/avatar\\\/cee3a2d3b154849fab4023fe8528c315fac5f6770fdae8bb480de9d0e0b272a8?s=96&d=mm&r=g\",\"contentUrl\":\"https:\\\/\\\/secure.gravatar.com\\\/avatar\\\/cee3a2d3b154849fab4023fe8528c315fac5f6770fdae8bb480de9d0e0b272a8?s=96&d=mm&r=g\",\"caption\":\"Samuel Piret\"},\"url\":\"https:\\\/\\\/www.abd-bvd.be\\\/fr\\\/author\\\/samuel-piret\\\/\"}]}<\/script>\n<!-- \/ Yoast SEO plugin. -->","yoast_head_json":{"title":"Cahiers de la Documentation 2019\/1 (mars 2019) - ABD-BVD","robots":{"index":"index","follow":"follow","max-snippet":"max-snippet:-1","max-image-preview":"max-image-preview:large","max-video-preview":"max-video-preview:-1"},"canonical":"https:\/\/www.abd-bvd.be\/fr\/cahiers-de-la-documentation\/2019-1\/","og_locale":"fr_FR","og_type":"article","og_title":"Cahiers de la Documentation 2019\/1 (mars 2019) - ABD-BVD","og_description":"\u00c9ditorial Depuis que j&rsquo;ai repris la coordination des Cahiers en 2017, c&rsquo;est la premi\u00e8re fois que je prends la plume (ou plut\u00f4t, le clavier) en tant que r\u00e9dacteur en chef d&rsquo;un num\u00e9ro. Eh oui, vous le savez bien, ch\u00e8res et chers coll\u00e8gues : nos m\u00e9tiers, \u00e0 vocation sociale et\/ou technique, nous am\u00e8nent souvent \u00e0 porter [&hellip;]","og_url":"https:\/\/www.abd-bvd.be\/fr\/cahiers-de-la-documentation\/2019-1\/","og_site_name":"ABD-BVD","article_published_time":"2019-03-21T09:45:00+00:00","article_modified_time":"2020-03-21T11:41:16+00:00","og_image":[{"url":"https:\/\/www.abd-bvd.be\/wp-content\/uploads\/2019-1-Couv-212x300.jpg","type":"","width":"","height":""}],"author":"Samuel Piret","twitter_card":"summary_large_image","twitter_misc":{"\u00c9crit par":"Samuel Piret","Dur\u00e9e de lecture estim\u00e9e":"4 minutes"},"schema":{"@context":"https:\/\/schema.org","@graph":[{"@type":"Article","@id":"https:\/\/www.abd-bvd.be\/fr\/cahiers-de-la-documentation\/2019-1\/#article","isPartOf":{"@id":"https:\/\/www.abd-bvd.be\/fr\/cahiers-de-la-documentation\/2019-1\/"},"author":{"name":"Samuel Piret","@id":"https:\/\/www.abd-bvd.be\/fr\/#\/schema\/person\/8c1477a1481ed8775cc8dc40620a7fc4"},"headline":"Cahiers de la Documentation 2019\/1 (mars 2019)","datePublished":"2019-03-21T09:45:00+00:00","dateModified":"2020-03-21T11:41:16+00:00","mainEntityOfPage":{"@id":"https:\/\/www.abd-bvd.be\/fr\/cahiers-de-la-documentation\/2019-1\/"},"wordCount":888,"image":{"@id":"https:\/\/www.abd-bvd.be\/fr\/cahiers-de-la-documentation\/2019-1\/#primaryimage"},"thumbnailUrl":"https:\/\/www.abd-bvd.be\/wp-content\/uploads\/2019-1-Couv-212x300.jpg","articleSection":["Cahiers de la Documentation"],"inLanguage":"fr-FR"},{"@type":"WebPage","@id":"https:\/\/www.abd-bvd.be\/fr\/cahiers-de-la-documentation\/2019-1\/","url":"https:\/\/www.abd-bvd.be\/fr\/cahiers-de-la-documentation\/2019-1\/","name":"Cahiers de la Documentation 2019\/1 (mars 2019) - ABD-BVD","isPartOf":{"@id":"https:\/\/www.abd-bvd.be\/fr\/#website"},"primaryImageOfPage":{"@id":"https:\/\/www.abd-bvd.be\/fr\/cahiers-de-la-documentation\/2019-1\/#primaryimage"},"image":{"@id":"https:\/\/www.abd-bvd.be\/fr\/cahiers-de-la-documentation\/2019-1\/#primaryimage"},"thumbnailUrl":"https:\/\/www.abd-bvd.be\/wp-content\/uploads\/2019-1-Couv-212x300.jpg","datePublished":"2019-03-21T09:45:00+00:00","dateModified":"2020-03-21T11:41:16+00:00","author":{"@id":"https:\/\/www.abd-bvd.be\/fr\/#\/schema\/person\/8c1477a1481ed8775cc8dc40620a7fc4"},"breadcrumb":{"@id":"https:\/\/www.abd-bvd.be\/fr\/cahiers-de-la-documentation\/2019-1\/#breadcrumb"},"inLanguage":"fr-FR","potentialAction":[{"@type":"ReadAction","target":["https:\/\/www.abd-bvd.be\/fr\/cahiers-de-la-documentation\/2019-1\/"]}]},{"@type":"ImageObject","inLanguage":"fr-FR","@id":"https:\/\/www.abd-bvd.be\/fr\/cahiers-de-la-documentation\/2019-1\/#primaryimage","url":"https:\/\/www.abd-bvd.be\/wp-content\/uploads\/2019-1-Couv-212x300.jpg","contentUrl":"https:\/\/www.abd-bvd.be\/wp-content\/uploads\/2019-1-Couv-212x300.jpg"},{"@type":"BreadcrumbList","@id":"https:\/\/www.abd-bvd.be\/fr\/cahiers-de-la-documentation\/2019-1\/#breadcrumb","itemListElement":[{"@type":"ListItem","position":1,"name":"Accueil","item":"https:\/\/www.abd-bvd.be\/fr\/"},{"@type":"ListItem","position":2,"name":"Cahiers de la Documentation 2019\/1 (mars 2019)"}]},{"@type":"WebSite","@id":"https:\/\/www.abd-bvd.be\/fr\/#website","url":"https:\/\/www.abd-bvd.be\/fr\/","name":"ABD-BVD","description":"Association Belge de documentation - Belgische verniging voor documentatie","potentialAction":[{"@type":"SearchAction","target":{"@type":"EntryPoint","urlTemplate":"https:\/\/www.abd-bvd.be\/fr\/?s={search_term_string}"},"query-input":{"@type":"PropertyValueSpecification","valueRequired":true,"valueName":"search_term_string"}}],"inLanguage":"fr-FR"},{"@type":"Person","@id":"https:\/\/www.abd-bvd.be\/fr\/#\/schema\/person\/8c1477a1481ed8775cc8dc40620a7fc4","name":"Samuel Piret","image":{"@type":"ImageObject","inLanguage":"fr-FR","@id":"https:\/\/secure.gravatar.com\/avatar\/cee3a2d3b154849fab4023fe8528c315fac5f6770fdae8bb480de9d0e0b272a8?s=96&d=mm&r=g","url":"https:\/\/secure.gravatar.com\/avatar\/cee3a2d3b154849fab4023fe8528c315fac5f6770fdae8bb480de9d0e0b272a8?s=96&d=mm&r=g","contentUrl":"https:\/\/secure.gravatar.com\/avatar\/cee3a2d3b154849fab4023fe8528c315fac5f6770fdae8bb480de9d0e0b272a8?s=96&d=mm&r=g","caption":"Samuel Piret"},"url":"https:\/\/www.abd-bvd.be\/fr\/author\/samuel-piret\/"}]}},"_links":{"self":[{"href":"https:\/\/www.abd-bvd.be\/fr\/wp-json\/wp\/v2\/posts\/14172","targetHints":{"allow":["GET"]}}],"collection":[{"href":"https:\/\/www.abd-bvd.be\/fr\/wp-json\/wp\/v2\/posts"}],"about":[{"href":"https:\/\/www.abd-bvd.be\/fr\/wp-json\/wp\/v2\/types\/post"}],"author":[{"embeddable":true,"href":"https:\/\/www.abd-bvd.be\/fr\/wp-json\/wp\/v2\/users\/25"}],"replies":[{"embeddable":true,"href":"https:\/\/www.abd-bvd.be\/fr\/wp-json\/wp\/v2\/comments?post=14172"}],"version-history":[{"count":7,"href":"https:\/\/www.abd-bvd.be\/fr\/wp-json\/wp\/v2\/posts\/14172\/revisions"}],"predecessor-version":[{"id":19298,"href":"https:\/\/www.abd-bvd.be\/fr\/wp-json\/wp\/v2\/posts\/14172\/revisions\/19298"}],"wp:attachment":[{"href":"https:\/\/www.abd-bvd.be\/fr\/wp-json\/wp\/v2\/media?parent=14172"}],"wp:term":[{"taxonomy":"category","embeddable":true,"href":"https:\/\/www.abd-bvd.be\/fr\/wp-json\/wp\/v2\/categories?post=14172"},{"taxonomy":"post_tag","embeddable":true,"href":"https:\/\/www.abd-bvd.be\/fr\/wp-json\/wp\/v2\/tags?post=14172"}],"curies":[{"name":"wp","href":"https:\/\/api.w.org\/{rel}","templated":true}]}}