{"id":13804,"date":"2019-05-09T12:57:36","date_gmt":"2019-05-09T10:57:36","guid":{"rendered":"https:\/\/www.abd-bvd.be\/?p=13804"},"modified":"2019-05-10T16:00:05","modified_gmt":"2019-05-10T14:00:05","slug":"inforum-2019","status":"publish","type":"post","link":"https:\/\/www.abd-bvd.be\/fr\/agenda\/inforum-2019\/","title":{"rendered":"Inforum 2019 <br>Stronger together : les pratiques collaboratives en I&#038;D"},"content":{"rendered":"<p style=\"text-align: left;\"><strong>Jeudi 9 mai 2019 (09:00 \u2013 18:00)<\/strong><\/p>\n<p style=\"text-align: left;\"><a class=\"lightbox\" href=\"https:\/\/www.abd-bvd.be\/wp-content\/uploads\/Inforum2019_affiche.pdf\" target=\"_blank\" rel=\"noopener noreferrer\"><img decoding=\"async\" class=\"size-medium wp-image-8436 aligncenter\" src=\"https:\/\/www.abd-bvd.be\/wp-content\/uploads\/Inforum2019-affiche-small.jpg\" alt=\"\" \/><\/a><\/p>\n<p style=\"text-align: right;\"><span class=\"file-button\"><a href=\"https:\/\/www.abd-bvd.be\/fr\/activites-evenements\/sinscrire-linforum\/\">S&rsquo;inscrire \u00e0 l&rsquo;Inforum<\/a><\/span><\/p>\n<h2>Matin<\/h2>\n<p>Mod\u00e9ration (en fran\u00e7ais) : <strong>Chantal Stanescu<\/strong>, biblioth\u00e9caire dirigeante, Biblioth\u00e8que centrale pour la R\u00e9gion de Bruxelles-Capitale<\/p>\n<h3><span style=\"color: #808080;\">9:00-9:30<\/span> Accueil, inscriptions (caf\u00e9, viennoiseries)<\/h3>\n<h3><span style=\"color: #808080;\">9:30-9:40<\/span> Introduction et pr\u00e9sentation de la journ\u00e9e<\/h3>\n<h3><span style=\"color: #808080;\">9:40-10:20<\/span> Le bouleversement participatif chez Actiris<\/h3>\n<p>par <strong>Dirk Vandendriessche<\/strong>, Directeur Actiris Academy, Actiris<\/p>\n<p>La gestion participative signifie que, dans la gestion quotidienne d&rsquo;une organisation, on donne sur le terrain plus de latitude aux personnes pour prendre leurs propres d\u00e9cisions. On leur donne une zone d&rsquo;autonomie et de responsabilit\u00e9, afin qu&rsquo;ils puissent d\u00e9cider eux-m\u00eames des questions op\u00e9rationnelles. On stimule \u00e9galement l&rsquo;intelligence collective. Cela n&rsquo;est pas du tout le cas dans une administration hi\u00e9rarchique classique. Cette pr\u00e9sentation se focalise sur le chemin que prend Actiris (le Service R\u00e9gional de l&rsquo;Emploi de Bruxelles-Capitale) pour passer \u00e0 une gestion davantage participative. Des questions centrales \u00e0 cet \u00e9gard : pourquoi Actiris pense-t-il que c&rsquo;est n\u00e9cessaire\u00a0? Comment cette gestion participative chez Actiris se traduit-elle en principes concrets et r\u00e9alisables\u00a0? Quelles mesures ont \u00e9t\u00e9 prises pour aller de l&rsquo;avant dans ce processus qui change profond\u00e9ment la culture organisationnelle\u00a0?<\/p>\n<h3><span style=\"color: #808080;\">1<strong>0<\/strong>:20-11:00<\/span> La propri\u00e9t\u00e9 intellectuelle per\u00e7ue comme un frein ou un levier dans les pratiques collaboratives\u00a0?<\/h3>\n<p>par <strong>Zorana Rosic<\/strong>, Chercheuse Centre de Recherches Information Droit et Soci\u00e9t\u00e9 (CRIDS). Universit\u00e9 de Namur (UNamur)<\/p>\n<p>En r\u00e9action au d\u00e9ploiement technologique de plus en plus pr\u00e9sent dans nos soci\u00e9t\u00e9s, les pratiques collaboratives sont en constante effervescence. En effet, de nombreuses entreprises sont contraintes de faire un choix entre des approches dites \u00ab\u00a0collaboratives\u00a0\u00bb ou \u00ab\u00a0protectrices\u00a0\u00bb au niveau de la gestion de la propri\u00e9t\u00e9 intellectuelle. D\u00e8s lors, quelle strat\u00e9gie adopter pour \u00e0 la fois favoriser l\u2019ouverture tout en ayant une protection juridique\u00a0?<\/p>\n<p>Afin de r\u00e9pondre \u00e0 cette question, le pr\u00e9sent expos\u00e9 s\u2019agencera comme suit\u00a0: dans un premier temps, nous analyserons la ou les protection(s) offerte(s) par les droits intellectuels applicables aux pratiques collaboratives. Dans un second temps, nous allons nous attarder sur le r\u00e9gime juridique du droit d\u2019auteur, \u00e9tant le mieux \u00e0 m\u00eame d\u2019encadrer les cr\u00e9ations issues de la collaboration. Ceci nous m\u00e8nera aux licences susceptibles de s\u2019appliquer aux \u0153uvres ainsi cr\u00e9\u00e9es. Enfin, nous terminerons par une mise en perspective des outils juridiques disponibles et opportuns pour une gestion utile des droits intellectuels dans le milieu collaboratif.<\/p>\n<h3><span style=\"color: #808080;\">1<strong>1<\/strong>:00-11:30<\/span> Pause-caf\u00e9<\/h3>\n<h3><span style=\"color: #808080;\">11:30-12:10<\/span> Place des outils et des pratiques collaboratives dans la veille<\/h3>\n<p>par <strong>J\u00e9r\u00f4me Bondu<\/strong>, Directeur, Inter-Ligere<\/p>\n<p>On serait tent\u00e9 de dire que faire de la veille et travailler en mode collaboratif sont tellement imbriqu\u00e9s l\u2019un dans l\u2019autre que parler de \u00ab veille collaborative \u00bb serait presque un pl\u00e9onasme. En effet, que ce soit durant la phase d\u2019analyse des besoins, de traitement des informations ou de partage des r\u00e9sultats, la dimension collaborative est partout pr\u00e9sente. Mais force est de constater que faire du collaboratif est souvent plus un d\u00e9sir qu\u2019une r\u00e9alit\u00e9.<\/p>\n<p>Durant cette pr\u00e9sentation nous allons tenter de r\u00e9pondre \u00e0 quatre questions. Pourquoi le collaboratif est une n\u00e9cessit\u00e9\u00a0? Quels sont les freins\u00a0? Quelle m\u00e9thodologie suivre\u00a0? Et finalement quels outils utiliser ?<\/p>\n<h3><span style=\"color: #808080;\">1<strong>2<\/strong>:10-12:30<\/span> D\u00e9bat, questions-r\u00e9ponses<\/h3>\n<h2>Lunch<\/h2>\n<h2>Apr\u00e8s-midi<\/h2>\n<p>Mod\u00e9ration (en n\u00e9erlandais) : <strong>Genevi\u00e8ve Audenaert<\/strong>, Information manager, Chambre des repr\u00e9sentants<\/p>\n<h3><span style=\"color: #808080;\">14:00-14:20<\/span> Remise du Prix ABD-BVD<\/h3>\n<p>par <strong>Isabelle Somville-Cornet<\/strong>, Pr\u00e9sidente du jury du Prix ABD-BVD<\/p>\n<h3><span style=\"color: #808080;\">14:20-1<strong>4<\/strong>:40\u00a0<\/span>Pr\u00eats interbiblioth\u00e8ques<\/h3>\n<p>par <strong>Renke Saerens<\/strong>, Employ\u00e9e \u00e0 la Biblioth\u00e8que biom\u00e9dicale et coordinatrice d&rsquo;Impala, Universiteit Antwerpen (UAntwerpen)<\/p>\n<p>Impala est le syst\u00e8me belge de commande \u00e9lectronique de documents utilis\u00e9 par les biblioth\u00e8ques pour trouver et commander \u00e0 la fois des livres et des articles. C&rsquo;est un d\u00e9veloppement de la biblioth\u00e8que de l&rsquo;Universit\u00e9 d&rsquo;Anvers et il est utilis\u00e9 par plus de 500 biblioth\u00e8ques pour livrer ou demander des documents. Gr\u00e2ce \u00e0 ce syst\u00e8me de pr\u00eat interbiblioth\u00e8ques (PIB), les biblioth\u00e8ques peuvent aider leurs utilisateurs finaux \u00e0 obtenir des documents qu&rsquo;ils n&rsquo;ont pas dans leurs propres collections. La part et la forme du PIB ont chang\u00e9 au fil des ans, mais l&rsquo;importance de la collaboration entre biblioth\u00e8ques demeure constante.<\/p>\n<h3><span style=\"color: #808080;\">1<strong>4<\/strong>:40-15:00<\/span> Exp\u00e9rience de la biblioth\u00e8que du FARES dans l&rsquo;utilisation de la plateforme elCurator<\/h3>\n<p>par <strong>Samuel Piret<\/strong>, Cyberdocumentaliste, Fonds des affections respiratoires asbl (FARES)<\/p>\n<p>Depuis 2015, le FARES asbl utilise la plateforme elCurator afin de partager des contenus sur les th\u00e9matiques du tabagisme, de la tuberculose, de l&rsquo;asthme et de la BPCO (broncho-pneumopathie chronique obstructive). Le choix de cet outil s&rsquo;est port\u00e9 sur la volont\u00e9 de trouver une solution au forum de discussions, probl\u00e9matique \u00e0 l&rsquo;\u00e9poque, et au partage d&rsquo;informations en interne. En 4 ans, le bilan est plut\u00f4t positif, bien que l&rsquo;aspect collaboratif ne soit pas pleinement utilis\u00e9 alors qu&rsquo;il le pourrait. En revanche, le d\u00e9veloppement sp\u00e9cifique du flux RSS \u00ab\u00a0tabac\u00a0\u00bb pour le public constitue une facette originale du r\u00e9pertoire des tabacologues.<\/p>\n<h3><span style=\"color: #808080;\">1<strong>5<\/strong>:00-15:30<\/span> Pause-caf\u00e9<\/h3>\n<h3><span style=\"color: #808080;\">15:30-1<strong>5<\/strong>:50<\/span> L&rsquo;acquisition conjointe d&rsquo;une base de donn\u00e9es et d&rsquo;autres achats dans une biblioth\u00e8que au niveau f\u00e9d\u00e9ral<\/h3>\n<p>par <strong>Astrid De Spiegelaere<\/strong>, Responsable du secr\u00e9tariat des collections contemporaines, KBR<\/p>\n<p>La plupart des institutions f\u00e9d\u00e9rales acqui\u00e8rent, dans une mesure plus ou moins importante, des publications \u00e0 l\u2019appui de leur fonctionnement ou recherche. KBR a examin\u00e9 comment les institutions peuvent collaborer pour acheter ensemble ces informations de format \u00e9lectronique ou papier. Le r\u00e9sultat a \u00e9t\u00e9 un premier projet pilote pour se procurer ensemble une base de donn\u00e9es dans le domaine des sciences humaines et sociales en collaboration avec le Mus\u00e9e Royal de l\u2019Afrique Centrale (MRAC) et les <em>Mus\u00e9es royaux d&rsquo;Art et d&rsquo;Histoire<\/em> (MRAH). La voie est d\u00e9sormais libre pour d\u2019autres acquisitions communes, mais comment organiser ceci et s\u2019aligner sur le nouvel Arr\u00eat\u00e9 Royal relatif aux march\u00e9s publics f\u00e9d\u00e9raux centralis\u00e9s\u00a0?<\/p>\n<h3><span style=\"color: #808080;\">1<strong>5<\/strong>:50-16:10<\/span> Convaincre les individus de partager leurs connaissances dans une organisation\u00a0: du dilemme du prisonnier au test de survie de la NASA<\/h3>\n<p>par <strong>Marc Borry<\/strong>, Conseiller Knowledge Management, Police F\u00e9d\u00e9rale ; Charg\u00e9 de cours, Universit\u00e9 de Lille et Haute \u00c9cole Bruxelles-Brabant (HE2B)<\/p>\n<p>\u00c0 partir de quelques exemples de la th\u00e9orie des jeux (dilemme du prisonnier, jeu de l\u2019ultimatum et jeu du dictateur), il est possible de mettre en \u00e9vidence les caract\u00e9ristiques du comportement humain en mati\u00e8re de partage des connaissances ou de r\u00e9tention des informations. L\u2019objectif de cette intervention est de montrer comment le \u00ab\u00a0test de survie de la NASA\u00a0\u00bb est un outil utile pour sensibiliser les membres d\u2019une \u00e9quipe ou d\u2019une communaut\u00e9 \u00e0 ces aspects et \u00e0 les amener \u00e0 \u00eatre convaincus de l\u2019int\u00e9r\u00eat de l\u2019approche collaborative pour atteindre un objectif commun. Cette approche est r\u00e9guli\u00e8rement utilis\u00e9e \u00e0 la Police F\u00e9d\u00e9rale lors de la cr\u00e9ation et du d\u00e9veloppement des communaut\u00e9s de pratique.<\/p>\n<h3><span style=\"color: #808080;\">16:10-16:30<\/span> D\u00e9bat, questions-r\u00e9ponses<\/h3>\n<h3><span style=\"color: #808080;\">16:30-16:40 <\/span>Conclusions, remerciements<\/h3>\n<h3><span style=\"color: #808080;\">16:40-18:00<\/span> R\u00e9ception<\/h3>\n<h2><strong>Informations pratiques<\/strong><\/h2>\n<p><strong>Date <\/strong>: jeudi 9 mai 2019<\/p>\n<p><strong>Lieu <\/strong>: The International Auditorium au The International Trade Union House, Boulevard du Roi Albert II 5, 1210 Bruxelles<\/p>\n<p><strong>Langues <\/strong>: Une traduction simultan\u00e9e n\u00e9erlandais\/fran\u00e7ais et fran\u00e7ais\/n\u00e9erlandais sera assur\u00e9e.<\/p>\n<p><strong>Frais d&rsquo;inscription<\/strong> :<\/p>\n<table>\n<tbody>\n<tr>\n<td><\/td>\n<td style=\"text-align: center;\">membres ABD-BVD<\/td>\n<td style=\"text-align: center;\">membres des<br \/>\nassociations soeurs (*)<\/td>\n<td style=\"text-align: center;\">non-membres<\/td>\n<\/tr>\n<tr>\n<td>Conf\u00e9rence<\/td>\n<td style=\"text-align: center;\">gratuit<\/td>\n<td style=\"text-align: center;\">100 \u20ac<\/td>\n<td style=\"text-align: center;\">200 \u20ac<\/td>\n<\/tr>\n<tr>\n<td>Lunch<\/td>\n<td style=\"text-align: center;\">25 \u20ac<\/td>\n<td style=\"text-align: center;\">25 \u20ac<\/td>\n<td style=\"text-align: center;\">25 \u20ac<\/td>\n<\/tr>\n<\/tbody>\n<\/table>\n<p>(*) Moyennant preuve de votre appartenance \u00e0 une des associations suivantes, vous profitez du tarif pr\u00e9f\u00e9rentiel :<\/p>\n<p>AAFB, ABBEF, ABF, ADBS, AGBD, AIFBD, APBFB, ALBAD, BIBForum, BiblioSuisse, CILIP, DGI, FAF, FELNET, FIBBC, KNVI, OKVB, RBD Sant\u00e9 ou VVBAD.<\/p>\n<p>L&rsquo;inscription \u00e0 la conf\u00e9rence comprend l&rsquo;acc\u00e8s \u00e0 l&rsquo;auditoire, les caf\u00e9s\/rafra\u00eechissements et la documentation.<\/p>\n<p>L&rsquo;affiliation \u00e0 l\u2019ABD-BVD peut se faire <a href=\"https:\/\/www.abd-bvd.be\/a-propos\/devenir-membre\/\">en ligne sur ce site<\/a>. L&rsquo;affiliation offre de nombreux avantages et s&rsquo;\u00e9l\u00e8ve \u00e0 un montant variant de 12,50 \u20ac pour les \u00e9tudiants \u00e0 150 \u20ac pour les soci\u00e9t\u00e9s et institutions.<\/p>\n<p style=\"text-align: right;\"><span class=\"file-button\"><a href=\"https:\/\/www.abd-bvd.be\/fr\/activites-evenements\/sinscrire-linforum\/\">S&rsquo;inscrire \u00e0 l&rsquo;Inforum<\/a><\/span><\/p>\n<p><strong>Annulation :<\/strong><\/p>\n<p>Le participant inscrit mais ne pouvant assister \u00e0 la conf\u00e9rence peut se faire remplacer en avertissant le secr\u00e9tariat au minimum 24 heures \u00e0 l\u2019avance par courriel : <a href=\"mailto:inforum@abd-bvd.be\">inforum@abd-bvd.be<\/a>. Les annulations (conf\u00e9rence et\/ou lunch) ne seront plus prises en compte apr\u00e8s le 2 mai 2019.<\/p>\n<p><strong>Renseignements :<\/strong><\/p>\n<p>Pour toute information compl\u00e9mentaire, veuillez prendre contact avec l&rsquo;Association Belge de Documentation par courriel : <a href=\"mailto:inforum@abd-bvd.be\">inforum@abd-bvd.be<\/a><\/p>\n<p><strong>Comment se rendre au The International Auditorium :<\/strong><\/p>\n<ul>\n<li>Par train : Gare <em>Bruxelles-Nord<\/em><\/li>\n<li>En m\u00e9tro : station <em>Rogier<\/em> (lignes 2 et 6)<\/li>\n<li>En pr\u00e9-m\u00e9tro : station <em>Rogier<\/em> (lignes 3 et 4)<\/li>\n<li>En tram : arr\u00eat <em>Rogier<\/em> (lignes 25, 32, 55)<\/li>\n<li>En bus : arr\u00eat <em>Rogier<\/em> (lignes 47, 58, 61, 88, r\u00e9seau De Lijn) ou arr\u00eat <em>Gare du Nord<\/em> (lignes 14, 20, 57, 58, 61, r\u00e9seau De Lijn)<\/li>\n<li>En voiture partag\u00e9e : stations Cambio <em>Rogier<\/em> et <em>Nord<\/em><\/li>\n<li>En v\u00e9lo partag\u00e9 : station Villo! n\u00b0 22 <em>Jacqmain &#8211; Bld d&rsquo;Anvers<\/em><\/li>\n<li>En voiture : parkings <em>Rogier<\/em> (BePark &#8211; Rue du March\u00e9), <em>Manhattan<\/em> (Indigo Park &#8211; Rue des Croisades), <em>Rogier<\/em> (Interparking &#8211; Place Charles Rogier), CCN (Interparking &#8211; Rue du Progr\u00e8s)<\/li>\n<\/ul>\n<p><span class=\"file-button\"><a href=\"https:\/\/www.google.be\/maps\/place\/Boulevard+Roi+Albert+II+5,+1000+Bruxelles\/@50.8570779,4.3540775,17z\/data=!3m1!4b1!4m5!3m4!1s0x47c3c383233cb83b:0x9fce69cb5623bb4f!8m2!3d50.8570779!4d4.3562662\" target=\"_blank\" rel=\"noopener noreferrer\"><span style=\"color: #ffffff;\">Plan d&rsquo;acc\u00e8s<\/span><\/a><\/span><\/p>\n<p><strong>Affiche :<\/strong><\/p>\n<p><span class=\"file-button\"><a href=\"https:\/\/www.abd-bvd.be\/wp-content\/uploads\/Inforum2019_affiche.pdf\" target=\"_blank\" rel=\"noopener noreferrer\"><span style=\"color: #ffffff;\">T\u00e9l\u00e9charger l&rsquo;affiche en HD<\/span><\/a><\/span><\/p>\n<p><strong>avec le soutien de :<\/strong><br \/>\n<a class=\"lightbox\" href=\"http:\/\/www.archimed.fr\/\" target=\"_blank\" rel=\"noopener noreferrer\"><img decoding=\"async\" class=\"wp-image-1722 aligncenter\" src=\"https:\/\/www.abd-bvd.be\/wp-content\/uploads\/logo-Archimed-small.jpg\" alt=\"Archimed logo\" width=\"140\" \/><\/a><br \/>\n<a class=\"lightbox\" href=\"https:\/\/www.cairn.info\/\" target=\"_blank\" rel=\"noopener noreferrer\"><img decoding=\"async\" class=\"wp-image-1722 aligncenter\" src=\"https:\/\/www.abd-bvd.be\/wp-content\/uploads\/logo_cairn_vectoriel.jpg\" alt=\"Cairn logo\" width=\"140\" \/><\/a><br \/>\n<a class=\"lightbox\" href=\"https:\/\/www.ebsco.com\/\" target=\"_blank\" rel=\"noopener noreferrer\"><img decoding=\"async\" class=\"wp-image-1722 aligncenter\" src=\"https:\/\/www.abd-bvd.be\/wp-content\/uploads\/EBSCO_Logo_RGB_2018_small.png\" alt=\"EBSCO logo\" width=\"140\" \/><\/a><br \/>\n<a class=\"lightbox\" href=\"http:\/\/www.gbconcept.com\/\" target=\"_blank\" rel=\"noopener noreferrer\"><img decoding=\"async\" class=\"wp-image-1722 aligncenter\" src=\"https:\/\/www.abd-bvd.be\/wp-content\/uploads\/GB-Concept-small.png\" alt=\"G.B. Concept logo\" width=\"140\" \/><\/a><\/p>\n<p><strong>Partenaire presse :<\/strong><br \/>\n<a class=\"lightbox\" href=\"https:\/\/www.archimag.com\/\" target=\"_blank\" rel=\"noopener noreferrer\"><img decoding=\"async\" class=\"wp-image-1722 aligncenter\" src=\"https:\/\/www.abd-bvd.be\/wp-content\/uploads\/logo-archimag-HD.jpg\" alt=\"Archimag logo\" width=\"140\" \/><\/a><\/p>\n","protected":false},"excerpt":{"rendered":"<p>Jeudi 9 mai 2019 (09:00 \u2013 18:00) S&rsquo;inscrire \u00e0 l&rsquo;Inforum Matin Mod\u00e9ration (en fran\u00e7ais) : Chantal Stanescu, biblioth\u00e9caire dirigeante, Biblioth\u00e8que centrale pour la R\u00e9gion de Bruxelles-Capitale 9:00-9:30 Accueil, inscriptions (caf\u00e9, viennoiseries) 9:30-9:40 Introduction et pr\u00e9sentation de la journ\u00e9e 9:40-10:20 Le bouleversement participatif chez Actiris par Dirk Vandendriessche, Directeur Actiris Academy, Actiris La gestion participative signifie [&hellip;]<\/p>\n","protected":false},"author":5,"featured_media":0,"comment_status":"closed","ping_status":"open","sticky":false,"template":"","format":"standard","meta":{"_acf_changed":false,"footnotes":"","_wpscppro_dont_share_socialmedia":false,"_wpscppro_custom_social_share_image":0,"_facebook_share_type":"","_twitter_share_type":"","_linkedin_share_type":"","_pinterest_share_type":"","_linkedin_share_type_page":"","_instagram_share_type":"","_medium_share_type":"","_threads_share_type":"","_google_business_share_type":"","_selected_social_profile":[],"_wpsp_enable_custom_social_template":false,"_wpsp_social_scheduling":{"enabled":false,"datetime":null,"platforms":[],"status":"template_only","dateOption":"today","timeOption":"now","customDays":"","customHours":"","customDate":"","customTime":"","schedulingType":"absolute"},"_wpsp_active_default_template":true},"categories":[67],"tags":[],"class_list":["post-13804","post","type-post","status-publish","format-standard","hentry","category-agenda"],"acf":[],"yoast_head":"<!-- This site is optimized with the Yoast SEO plugin v27.5 - https:\/\/yoast.com\/product\/yoast-seo-wordpress\/ -->\n<title>Inforum 2019 Stronger together : les pratiques collaboratives en I&amp;D - ABD-BVD<\/title>\n<meta name=\"robots\" content=\"index, follow, max-snippet:-1, max-image-preview:large, max-video-preview:-1\" \/>\n<link rel=\"canonical\" href=\"https:\/\/www.abd-bvd.be\/fr\/agenda\/inforum-2019\/\" \/>\n<meta property=\"og:locale\" content=\"fr_FR\" \/>\n<meta property=\"og:type\" content=\"article\" \/>\n<meta property=\"og:title\" content=\"Inforum 2019 Stronger together : les pratiques collaboratives en I&amp;D - ABD-BVD\" \/>\n<meta property=\"og:description\" content=\"Jeudi 9 mai 2019 (09:00 \u2013 18:00) S&rsquo;inscrire \u00e0 l&rsquo;Inforum Matin Mod\u00e9ration (en fran\u00e7ais) : Chantal Stanescu, biblioth\u00e9caire dirigeante, Biblioth\u00e8que centrale pour la R\u00e9gion de Bruxelles-Capitale 9:00-9:30 Accueil, inscriptions (caf\u00e9, viennoiseries) 9:30-9:40 Introduction et pr\u00e9sentation de la journ\u00e9e 9:40-10:20 Le bouleversement participatif chez Actiris par Dirk Vandendriessche, Directeur Actiris Academy, Actiris La gestion participative signifie [&hellip;]\" \/>\n<meta property=\"og:url\" content=\"https:\/\/www.abd-bvd.be\/fr\/agenda\/inforum-2019\/\" \/>\n<meta property=\"og:site_name\" content=\"ABD-BVD\" \/>\n<meta property=\"article:published_time\" content=\"2019-05-09T10:57:36+00:00\" \/>\n<meta property=\"article:modified_time\" content=\"2019-05-10T14:00:05+00:00\" \/>\n<meta property=\"og:image\" content=\"https:\/\/www.abd-bvd.be\/wp-content\/uploads\/Inforum2019-affiche-small.jpg\" \/>\n<meta name=\"author\" content=\"Guy Delsaut\" \/>\n<meta name=\"twitter:card\" content=\"summary_large_image\" \/>\n<meta name=\"twitter:label1\" content=\"\u00c9crit par\" \/>\n\t<meta name=\"twitter:data1\" content=\"Guy Delsaut\" \/>\n\t<meta name=\"twitter:label2\" content=\"Dur\u00e9e de lecture estim\u00e9e\" \/>\n\t<meta name=\"twitter:data2\" content=\"7 minutes\" \/>\n<script type=\"application\/ld+json\" class=\"yoast-schema-graph\">{\"@context\":\"https:\\\/\\\/schema.org\",\"@graph\":[{\"@type\":\"Article\",\"@id\":\"https:\\\/\\\/www.abd-bvd.be\\\/fr\\\/agenda\\\/inforum-2019\\\/#article\",\"isPartOf\":{\"@id\":\"https:\\\/\\\/www.abd-bvd.be\\\/fr\\\/agenda\\\/inforum-2019\\\/\"},\"author\":{\"name\":\"Guy Delsaut\",\"@id\":\"https:\\\/\\\/www.abd-bvd.be\\\/fr\\\/#\\\/schema\\\/person\\\/b16d2027ba7bd24752b02f45e6c2d628\"},\"headline\":\"Inforum 2019 Stronger together : les pratiques collaboratives en I&#038;D\",\"datePublished\":\"2019-05-09T10:57:36+00:00\",\"dateModified\":\"2019-05-10T14:00:05+00:00\",\"mainEntityOfPage\":{\"@id\":\"https:\\\/\\\/www.abd-bvd.be\\\/fr\\\/agenda\\\/inforum-2019\\\/\"},\"wordCount\":1535,\"image\":{\"@id\":\"https:\\\/\\\/www.abd-bvd.be\\\/fr\\\/agenda\\\/inforum-2019\\\/#primaryimage\"},\"thumbnailUrl\":\"https:\\\/\\\/www.abd-bvd.be\\\/wp-content\\\/uploads\\\/Inforum2019-affiche-small.jpg\",\"articleSection\":[\"Agenda\"],\"inLanguage\":\"fr-FR\"},{\"@type\":\"WebPage\",\"@id\":\"https:\\\/\\\/www.abd-bvd.be\\\/fr\\\/agenda\\\/inforum-2019\\\/\",\"url\":\"https:\\\/\\\/www.abd-bvd.be\\\/fr\\\/agenda\\\/inforum-2019\\\/\",\"name\":\"Inforum 2019 Stronger together : les pratiques collaboratives en I&D - ABD-BVD\",\"isPartOf\":{\"@id\":\"https:\\\/\\\/www.abd-bvd.be\\\/fr\\\/#website\"},\"primaryImageOfPage\":{\"@id\":\"https:\\\/\\\/www.abd-bvd.be\\\/fr\\\/agenda\\\/inforum-2019\\\/#primaryimage\"},\"image\":{\"@id\":\"https:\\\/\\\/www.abd-bvd.be\\\/fr\\\/agenda\\\/inforum-2019\\\/#primaryimage\"},\"thumbnailUrl\":\"https:\\\/\\\/www.abd-bvd.be\\\/wp-content\\\/uploads\\\/Inforum2019-affiche-small.jpg\",\"datePublished\":\"2019-05-09T10:57:36+00:00\",\"dateModified\":\"2019-05-10T14:00:05+00:00\",\"author\":{\"@id\":\"https:\\\/\\\/www.abd-bvd.be\\\/fr\\\/#\\\/schema\\\/person\\\/b16d2027ba7bd24752b02f45e6c2d628\"},\"breadcrumb\":{\"@id\":\"https:\\\/\\\/www.abd-bvd.be\\\/fr\\\/agenda\\\/inforum-2019\\\/#breadcrumb\"},\"inLanguage\":\"fr-FR\",\"potentialAction\":[{\"@type\":\"ReadAction\",\"target\":[\"https:\\\/\\\/www.abd-bvd.be\\\/fr\\\/agenda\\\/inforum-2019\\\/\"]}]},{\"@type\":\"ImageObject\",\"inLanguage\":\"fr-FR\",\"@id\":\"https:\\\/\\\/www.abd-bvd.be\\\/fr\\\/agenda\\\/inforum-2019\\\/#primaryimage\",\"url\":\"https:\\\/\\\/www.abd-bvd.be\\\/wp-content\\\/uploads\\\/Inforum2019-affiche-small.jpg\",\"contentUrl\":\"https:\\\/\\\/www.abd-bvd.be\\\/wp-content\\\/uploads\\\/Inforum2019-affiche-small.jpg\"},{\"@type\":\"BreadcrumbList\",\"@id\":\"https:\\\/\\\/www.abd-bvd.be\\\/fr\\\/agenda\\\/inforum-2019\\\/#breadcrumb\",\"itemListElement\":[{\"@type\":\"ListItem\",\"position\":1,\"name\":\"Accueil\",\"item\":\"https:\\\/\\\/www.abd-bvd.be\\\/fr\\\/\"},{\"@type\":\"ListItem\",\"position\":2,\"name\":\"Inforum 2019 Stronger together : les pratiques collaboratives en I&#038;D\"}]},{\"@type\":\"WebSite\",\"@id\":\"https:\\\/\\\/www.abd-bvd.be\\\/fr\\\/#website\",\"url\":\"https:\\\/\\\/www.abd-bvd.be\\\/fr\\\/\",\"name\":\"ABD-BVD\",\"description\":\"Association Belge de documentation - Belgische verniging voor documentatie\",\"potentialAction\":[{\"@type\":\"SearchAction\",\"target\":{\"@type\":\"EntryPoint\",\"urlTemplate\":\"https:\\\/\\\/www.abd-bvd.be\\\/fr\\\/?s={search_term_string}\"},\"query-input\":{\"@type\":\"PropertyValueSpecification\",\"valueRequired\":true,\"valueName\":\"search_term_string\"}}],\"inLanguage\":\"fr-FR\"},{\"@type\":\"Person\",\"@id\":\"https:\\\/\\\/www.abd-bvd.be\\\/fr\\\/#\\\/schema\\\/person\\\/b16d2027ba7bd24752b02f45e6c2d628\",\"name\":\"Guy Delsaut\",\"image\":{\"@type\":\"ImageObject\",\"inLanguage\":\"fr-FR\",\"@id\":\"https:\\\/\\\/secure.gravatar.com\\\/avatar\\\/661ab3e27256975e79639c97a039adabdf47fbcdcd1883bad66ee2e8b41bdfa7?s=96&d=mm&r=g\",\"url\":\"https:\\\/\\\/secure.gravatar.com\\\/avatar\\\/661ab3e27256975e79639c97a039adabdf47fbcdcd1883bad66ee2e8b41bdfa7?s=96&d=mm&r=g\",\"contentUrl\":\"https:\\\/\\\/secure.gravatar.com\\\/avatar\\\/661ab3e27256975e79639c97a039adabdf47fbcdcd1883bad66ee2e8b41bdfa7?s=96&d=mm&r=g\",\"caption\":\"Guy Delsaut\"},\"url\":\"https:\\\/\\\/www.abd-bvd.be\\\/fr\\\/author\\\/guy-delsaut\\\/\"}]}<\/script>\n<!-- \/ Yoast SEO plugin. -->","yoast_head_json":{"title":"Inforum 2019 Stronger together : les pratiques collaboratives en I&D - ABD-BVD","robots":{"index":"index","follow":"follow","max-snippet":"max-snippet:-1","max-image-preview":"max-image-preview:large","max-video-preview":"max-video-preview:-1"},"canonical":"https:\/\/www.abd-bvd.be\/fr\/agenda\/inforum-2019\/","og_locale":"fr_FR","og_type":"article","og_title":"Inforum 2019 Stronger together : les pratiques collaboratives en I&D - ABD-BVD","og_description":"Jeudi 9 mai 2019 (09:00 \u2013 18:00) S&rsquo;inscrire \u00e0 l&rsquo;Inforum Matin Mod\u00e9ration (en fran\u00e7ais) : Chantal Stanescu, biblioth\u00e9caire dirigeante, Biblioth\u00e8que centrale pour la R\u00e9gion de Bruxelles-Capitale 9:00-9:30 Accueil, inscriptions (caf\u00e9, viennoiseries) 9:30-9:40 Introduction et pr\u00e9sentation de la journ\u00e9e 9:40-10:20 Le bouleversement participatif chez Actiris par Dirk Vandendriessche, Directeur Actiris Academy, Actiris La gestion participative signifie [&hellip;]","og_url":"https:\/\/www.abd-bvd.be\/fr\/agenda\/inforum-2019\/","og_site_name":"ABD-BVD","article_published_time":"2019-05-09T10:57:36+00:00","article_modified_time":"2019-05-10T14:00:05+00:00","og_image":[{"url":"https:\/\/www.abd-bvd.be\/wp-content\/uploads\/Inforum2019-affiche-small.jpg","type":"","width":"","height":""}],"author":"Guy Delsaut","twitter_card":"summary_large_image","twitter_misc":{"\u00c9crit par":"Guy Delsaut","Dur\u00e9e de lecture estim\u00e9e":"7 minutes"},"schema":{"@context":"https:\/\/schema.org","@graph":[{"@type":"Article","@id":"https:\/\/www.abd-bvd.be\/fr\/agenda\/inforum-2019\/#article","isPartOf":{"@id":"https:\/\/www.abd-bvd.be\/fr\/agenda\/inforum-2019\/"},"author":{"name":"Guy Delsaut","@id":"https:\/\/www.abd-bvd.be\/fr\/#\/schema\/person\/b16d2027ba7bd24752b02f45e6c2d628"},"headline":"Inforum 2019 Stronger together : les pratiques collaboratives en I&#038;D","datePublished":"2019-05-09T10:57:36+00:00","dateModified":"2019-05-10T14:00:05+00:00","mainEntityOfPage":{"@id":"https:\/\/www.abd-bvd.be\/fr\/agenda\/inforum-2019\/"},"wordCount":1535,"image":{"@id":"https:\/\/www.abd-bvd.be\/fr\/agenda\/inforum-2019\/#primaryimage"},"thumbnailUrl":"https:\/\/www.abd-bvd.be\/wp-content\/uploads\/Inforum2019-affiche-small.jpg","articleSection":["Agenda"],"inLanguage":"fr-FR"},{"@type":"WebPage","@id":"https:\/\/www.abd-bvd.be\/fr\/agenda\/inforum-2019\/","url":"https:\/\/www.abd-bvd.be\/fr\/agenda\/inforum-2019\/","name":"Inforum 2019 Stronger together : les pratiques collaboratives en I&D - ABD-BVD","isPartOf":{"@id":"https:\/\/www.abd-bvd.be\/fr\/#website"},"primaryImageOfPage":{"@id":"https:\/\/www.abd-bvd.be\/fr\/agenda\/inforum-2019\/#primaryimage"},"image":{"@id":"https:\/\/www.abd-bvd.be\/fr\/agenda\/inforum-2019\/#primaryimage"},"thumbnailUrl":"https:\/\/www.abd-bvd.be\/wp-content\/uploads\/Inforum2019-affiche-small.jpg","datePublished":"2019-05-09T10:57:36+00:00","dateModified":"2019-05-10T14:00:05+00:00","author":{"@id":"https:\/\/www.abd-bvd.be\/fr\/#\/schema\/person\/b16d2027ba7bd24752b02f45e6c2d628"},"breadcrumb":{"@id":"https:\/\/www.abd-bvd.be\/fr\/agenda\/inforum-2019\/#breadcrumb"},"inLanguage":"fr-FR","potentialAction":[{"@type":"ReadAction","target":["https:\/\/www.abd-bvd.be\/fr\/agenda\/inforum-2019\/"]}]},{"@type":"ImageObject","inLanguage":"fr-FR","@id":"https:\/\/www.abd-bvd.be\/fr\/agenda\/inforum-2019\/#primaryimage","url":"https:\/\/www.abd-bvd.be\/wp-content\/uploads\/Inforum2019-affiche-small.jpg","contentUrl":"https:\/\/www.abd-bvd.be\/wp-content\/uploads\/Inforum2019-affiche-small.jpg"},{"@type":"BreadcrumbList","@id":"https:\/\/www.abd-bvd.be\/fr\/agenda\/inforum-2019\/#breadcrumb","itemListElement":[{"@type":"ListItem","position":1,"name":"Accueil","item":"https:\/\/www.abd-bvd.be\/fr\/"},{"@type":"ListItem","position":2,"name":"Inforum 2019 Stronger together : les pratiques collaboratives en I&#038;D"}]},{"@type":"WebSite","@id":"https:\/\/www.abd-bvd.be\/fr\/#website","url":"https:\/\/www.abd-bvd.be\/fr\/","name":"ABD-BVD","description":"Association Belge de documentation - Belgische verniging voor documentatie","potentialAction":[{"@type":"SearchAction","target":{"@type":"EntryPoint","urlTemplate":"https:\/\/www.abd-bvd.be\/fr\/?s={search_term_string}"},"query-input":{"@type":"PropertyValueSpecification","valueRequired":true,"valueName":"search_term_string"}}],"inLanguage":"fr-FR"},{"@type":"Person","@id":"https:\/\/www.abd-bvd.be\/fr\/#\/schema\/person\/b16d2027ba7bd24752b02f45e6c2d628","name":"Guy Delsaut","image":{"@type":"ImageObject","inLanguage":"fr-FR","@id":"https:\/\/secure.gravatar.com\/avatar\/661ab3e27256975e79639c97a039adabdf47fbcdcd1883bad66ee2e8b41bdfa7?s=96&d=mm&r=g","url":"https:\/\/secure.gravatar.com\/avatar\/661ab3e27256975e79639c97a039adabdf47fbcdcd1883bad66ee2e8b41bdfa7?s=96&d=mm&r=g","contentUrl":"https:\/\/secure.gravatar.com\/avatar\/661ab3e27256975e79639c97a039adabdf47fbcdcd1883bad66ee2e8b41bdfa7?s=96&d=mm&r=g","caption":"Guy Delsaut"},"url":"https:\/\/www.abd-bvd.be\/fr\/author\/guy-delsaut\/"}]}},"_links":{"self":[{"href":"https:\/\/www.abd-bvd.be\/fr\/wp-json\/wp\/v2\/posts\/13804","targetHints":{"allow":["GET"]}}],"collection":[{"href":"https:\/\/www.abd-bvd.be\/fr\/wp-json\/wp\/v2\/posts"}],"about":[{"href":"https:\/\/www.abd-bvd.be\/fr\/wp-json\/wp\/v2\/types\/post"}],"author":[{"embeddable":true,"href":"https:\/\/www.abd-bvd.be\/fr\/wp-json\/wp\/v2\/users\/5"}],"replies":[{"embeddable":true,"href":"https:\/\/www.abd-bvd.be\/fr\/wp-json\/wp\/v2\/comments?post=13804"}],"version-history":[{"count":20,"href":"https:\/\/www.abd-bvd.be\/fr\/wp-json\/wp\/v2\/posts\/13804\/revisions"}],"predecessor-version":[{"id":14766,"href":"https:\/\/www.abd-bvd.be\/fr\/wp-json\/wp\/v2\/posts\/13804\/revisions\/14766"}],"wp:attachment":[{"href":"https:\/\/www.abd-bvd.be\/fr\/wp-json\/wp\/v2\/media?parent=13804"}],"wp:term":[{"taxonomy":"category","embeddable":true,"href":"https:\/\/www.abd-bvd.be\/fr\/wp-json\/wp\/v2\/categories?post=13804"},{"taxonomy":"post_tag","embeddable":true,"href":"https:\/\/www.abd-bvd.be\/fr\/wp-json\/wp\/v2\/tags?post=13804"}],"curies":[{"name":"wp","href":"https:\/\/api.w.org\/{rel}","templated":true}]}}