{"id":13793,"date":"2019-02-06T12:20:14","date_gmt":"2019-02-06T11:20:14","guid":{"rendered":"https:\/\/www.abd-bvd.be\/?p=13793"},"modified":"2019-02-06T12:44:06","modified_gmt":"2019-02-06T11:44:06","slug":"docmoment-fevr2018","status":"publish","type":"post","link":"https:\/\/www.abd-bvd.be\/fr\/agenda\/docmoment-fevr2018\/","title":{"rendered":"Doc&rsquo;Moment <br \/>Nouvelles initiatives en open science \u00e0 la KU Leuven"},"content":{"rendered":"<p><strong>Doc\u2019Moment : les rendez-vous de l\u2019ABD-BVD \u2013 Mardi 26 f\u00e9vrier 2019 (14:00 &#8211; 17:00)<\/strong><\/p>\n<p style=\"text-align: right;\"><span class=\"file-button\"><a href=\"https:\/\/www.eventbrite.co.uk\/e\/doc-moment-nieuwe-open-science-initiatieven-aan-de-ku-leuven-tickets-55974365835?aff=ebdssbcitybrowse\">S&rsquo;inscrire au Doc&rsquo;Moment<\/a><\/span><\/p>\n<p>Le Doc\u2019Moment de f\u00e9vrier sera organis\u00e9 en collaboration avec les Biblioth\u00e8ques de la KU Leuven et abordera l\u2019open access et les open images. Vous aurez \u00e9galement l\u2019occasion de visiter le b\u00e2timent de la Biblioth\u00e8que universitaire de la KU Leuven.<\/p>\n<h2><strong>Le support au fair open access \u00e0 la KU Leuven<\/strong><\/h2>\n<p><strong>Demmy Verbeke<\/strong>, Directeur de la Biblioth\u00e8que Artes de la KU Leuven<strong><br \/>\n<\/strong><\/p>\n<p>Nous devons nous demander pourquoi nous soutenons l\u2019open access\u00a0: notre but principal est-il de fournir un acc\u00e8s libre et non restreint aux r\u00e9sultats de la recherche scientifique \u00e0 chaque personne qui pourrait \u00eatre int\u00e9ress\u00e9e, ou s\u2019agit-il de changer le mod\u00e8le actuel de communication scientifique, parce que nous le jugeons inefficace et \u00e9galement trop cher\u00a0? Si notre but principal est d\u2019assurer l\u2019ouverture la plus large possible des r\u00e9sultats de la recherche scientifique, il semble qu\u2019il y ait peu de raisons de se s\u00e9parer des \u00e9diteurs traditionnels, qui devraient \u2013 pass\u00e9e la r\u00e9sistance initiale \u2013 se montrer des partenaires volontaires aussi longtemps que les institutions acad\u00e9miques sont dispos\u00e9s \u00e0 continuer \u00e0 payer de la m\u00eame mani\u00e8re. En revanche, si l\u2019intention est d\u2019introduire un nouveau mod\u00e8le de communication scientifique, qui fonctionne selon des standards li\u00e9s aux co\u00fbts effectifs, il semble peu probable que les institutions atteignent ce r\u00e9sultat avec les m\u00eames partenaires, qui ont travaill\u00e9 dans une logique commerciale pendant des d\u00e9cennies.<\/p>\n<p>Cette pr\u00e9sentation propose une analyse des mod\u00e8les \u00e9conomiques actuels en mati\u00e8re d\u2019open access. L\u2019orateur explique le raisonnement qui a motiv\u00e9 la KU Leuven \u00e0 \u00e9tendre son soutien de l\u2019open access vert au soutien du fair open access d\u2019or, \u00e0 but non lucratif. Le fonctionnement quotidien du Fonds Fair Open Access de la KU Leuven sera discut\u00e9.<\/p>\n<p>Pr\u00e9sentation en anglais.<\/p>\n<p>&nbsp;<\/p>\n<h2><strong>La digitalisation dans les Biblioth\u00e8ques de la KU Leuven\u00a0: vers une politique d\u2019open images<\/strong><\/h2>\n<p><strong>Bruno Vandermeulen<\/strong>, responsable de la Digitalisation et de la fourniture de documents \u2013 Services de la biblioth\u00e8que<\/p>\n<p>Ces derni\u00e8res ann\u00e9es, les Biblioth\u00e8ques de la KU Leuven ont investi dans le d\u00e9veloppement d\u2019une gestion forte en mati\u00e8re de digitalisation. Il en a r\u00e9sult\u00e9 des projets qui ont \u00e9t\u00e9 fortement remarqu\u00e9s comme Magister Dixit ou Lovaniensia, une participation \u00e0 des projets de recherche comme RICH ou Fingerprint et le lancement de la plateforme de publication <a href=\"https:\/\/expo.bib.kuleuven.be\">expo.bib.kuleuven.be<\/a>.<\/p>\n<p>En plus de la focalisation sur la qualit\u00e9 \u00e0 travers le processus de digitalisation, un acc\u00e8s convivial aux donn\u00e9es devient de plus en plus important. C\u2019est ce qui a men\u00e9 \u00e0 l\u2019impl\u00e9mentation de plateformes comme Mirador viewer. Actuellement, l\u2019impl\u00e9mentation pratique d\u2019une politique d\u2019open images se trouve dans la phase de finalisation.<\/p>\n<p>Pr\u00e9sentation en n\u00e9erlandais<\/p>\n<p>&nbsp;<\/p>\n<hr \/>\n<p>L&rsquo;expos\u00e9 et la visite se d\u00e9rouleront en <strong>n\u00e9erlandais<\/strong> et en <strong>anglais<\/strong>.<\/p>\n<p><em>Lieu <\/em>: <span lang=\"NL-BE\">KU Leuven Bibliotheken, Expozaal<br \/>\n<\/span>La salle d\u2019exposition (<em>Expozaal<\/em>) se trouve au rez-de-chauss\u00e9e, derri\u00e8re l\u2019accueil.<\/p>\n<p><em>Adresse<\/em> : <span lang=\"NL-BE\">Mgr. Ladeuzeplein 21,\u00a0 \u00e0 <\/span><span lang=\"NL-BE\">3000 Leuven<\/span><\/p>\n<p><strong>Plan d&rsquo;acc\u00e8s<\/strong><br \/>\n<span class=\"file-button\"><a href=\"https:\/\/www.kuleuven.be\/kulag\/nl\/gebouw\/104-01\">Consulter (NL)<\/a><\/span><\/p>\n<p><strong>Gratuit pour les membres <\/strong>(25 \u20ac pour les non-membres)<\/p>\n<p style=\"text-align: right;\"><span class=\"file-button\"><a href=\"https:\/\/www.eventbrite.co.uk\/e\/doc-moment-nieuwe-open-science-initiatieven-aan-de-ku-leuven-tickets-55974365835?aff=ebdssbcitybrowse\">S&rsquo;inscrire au Doc&rsquo;Moment<\/a><\/span><\/p>\n","protected":false},"excerpt":{"rendered":"<p>Doc\u2019Moment : les rendez-vous de l\u2019ABD-BVD \u2013 Mardi 26 f\u00e9vrier 2019 (14:00 &#8211; 17:00) S&rsquo;inscrire au Doc&rsquo;Moment Le Doc\u2019Moment de f\u00e9vrier sera organis\u00e9 en collaboration avec les Biblioth\u00e8ques de la KU Leuven et abordera l\u2019open access et les open images. Vous aurez \u00e9galement l\u2019occasion de visiter le b\u00e2timent de la Biblioth\u00e8que universitaire de la KU [&hellip;]<\/p>\n","protected":false},"author":5,"featured_media":0,"comment_status":"closed","ping_status":"open","sticky":false,"template":"","format":"standard","meta":{"_acf_changed":false,"footnotes":"","_wpscppro_dont_share_socialmedia":false,"_wpscppro_custom_social_share_image":0,"_facebook_share_type":"","_twitter_share_type":"","_linkedin_share_type":"","_pinterest_share_type":"","_linkedin_share_type_page":"","_instagram_share_type":"","_medium_share_type":"","_threads_share_type":"","_google_business_share_type":"","_selected_social_profile":[],"_wpsp_enable_custom_social_template":false,"_wpsp_social_scheduling":{"enabled":false,"datetime":null,"platforms":[],"status":"template_only","dateOption":"today","timeOption":"now","customDays":"","customHours":"","customDate":"","customTime":"","schedulingType":"absolute"},"_wpsp_active_default_template":true},"categories":[67],"tags":[],"class_list":["post-13793","post","type-post","status-publish","format-standard","hentry","category-agenda"],"acf":[],"yoast_head":"<!-- This site is optimized with the Yoast SEO plugin v27.4 - https:\/\/yoast.com\/product\/yoast-seo-wordpress\/ -->\n<title>Doc&#039;Moment Nouvelles initiatives en open science \u00e0 la KU Leuven - ABD-BVD<\/title>\n<meta name=\"description\" content=\"Le 26 f\u00e9vrier, l&#039;ABD-BVD organise un Doc&#039;Moment sur les nouvelles initiatives en open science \u00e0 la KU Leuven. Conf\u00e9rences et visite de la biblioth\u00e8que.\" \/>\n<meta name=\"robots\" content=\"index, follow, max-snippet:-1, max-image-preview:large, max-video-preview:-1\" \/>\n<link rel=\"canonical\" href=\"https:\/\/www.abd-bvd.be\/fr\/agenda\/docmoment-fevr2018\/\" \/>\n<meta property=\"og:locale\" content=\"fr_FR\" \/>\n<meta property=\"og:type\" content=\"article\" \/>\n<meta property=\"og:title\" content=\"Doc&#039;Moment Nouvelles initiatives en open science \u00e0 la KU Leuven - ABD-BVD\" \/>\n<meta property=\"og:description\" content=\"Le 26 f\u00e9vrier, l&#039;ABD-BVD organise un Doc&#039;Moment sur les nouvelles initiatives en open science \u00e0 la KU Leuven. Conf\u00e9rences et visite de la biblioth\u00e8que.\" \/>\n<meta property=\"og:url\" content=\"https:\/\/www.abd-bvd.be\/fr\/agenda\/docmoment-fevr2018\/\" \/>\n<meta property=\"og:site_name\" content=\"ABD-BVD\" \/>\n<meta property=\"article:published_time\" content=\"2019-02-06T11:20:14+00:00\" \/>\n<meta property=\"article:modified_time\" content=\"2019-02-06T11:44:06+00:00\" \/>\n<meta name=\"author\" content=\"Guy Delsaut\" \/>\n<meta name=\"twitter:card\" content=\"summary_large_image\" \/>\n<meta name=\"twitter:label1\" content=\"\u00c9crit par\" \/>\n\t<meta name=\"twitter:data1\" content=\"Guy Delsaut\" \/>\n\t<meta name=\"twitter:label2\" content=\"Dur\u00e9e de lecture estim\u00e9e\" \/>\n\t<meta name=\"twitter:data2\" content=\"3 minutes\" \/>\n<script type=\"application\/ld+json\" class=\"yoast-schema-graph\">{\"@context\":\"https:\\\/\\\/schema.org\",\"@graph\":[{\"@type\":\"Article\",\"@id\":\"https:\\\/\\\/www.abd-bvd.be\\\/fr\\\/agenda\\\/docmoment-fevr2018\\\/#article\",\"isPartOf\":{\"@id\":\"https:\\\/\\\/www.abd-bvd.be\\\/fr\\\/agenda\\\/docmoment-fevr2018\\\/\"},\"author\":{\"name\":\"Guy Delsaut\",\"@id\":\"https:\\\/\\\/www.abd-bvd.be\\\/fr\\\/#\\\/schema\\\/person\\\/b16d2027ba7bd24752b02f45e6c2d628\"},\"headline\":\"Doc&rsquo;Moment Nouvelles initiatives en open science \u00e0 la KU Leuven\",\"datePublished\":\"2019-02-06T11:20:14+00:00\",\"dateModified\":\"2019-02-06T11:44:06+00:00\",\"mainEntityOfPage\":{\"@id\":\"https:\\\/\\\/www.abd-bvd.be\\\/fr\\\/agenda\\\/docmoment-fevr2018\\\/\"},\"wordCount\":558,\"articleSection\":[\"Agenda\"],\"inLanguage\":\"fr-FR\"},{\"@type\":\"WebPage\",\"@id\":\"https:\\\/\\\/www.abd-bvd.be\\\/fr\\\/agenda\\\/docmoment-fevr2018\\\/\",\"url\":\"https:\\\/\\\/www.abd-bvd.be\\\/fr\\\/agenda\\\/docmoment-fevr2018\\\/\",\"name\":\"Doc'Moment Nouvelles initiatives en open science \u00e0 la KU Leuven - ABD-BVD\",\"isPartOf\":{\"@id\":\"https:\\\/\\\/www.abd-bvd.be\\\/fr\\\/#website\"},\"datePublished\":\"2019-02-06T11:20:14+00:00\",\"dateModified\":\"2019-02-06T11:44:06+00:00\",\"author\":{\"@id\":\"https:\\\/\\\/www.abd-bvd.be\\\/fr\\\/#\\\/schema\\\/person\\\/b16d2027ba7bd24752b02f45e6c2d628\"},\"description\":\"Le 26 f\u00e9vrier, l'ABD-BVD organise un Doc'Moment sur les nouvelles initiatives en open science \u00e0 la KU Leuven. Conf\u00e9rences et visite de la biblioth\u00e8que.\",\"breadcrumb\":{\"@id\":\"https:\\\/\\\/www.abd-bvd.be\\\/fr\\\/agenda\\\/docmoment-fevr2018\\\/#breadcrumb\"},\"inLanguage\":\"fr-FR\",\"potentialAction\":[{\"@type\":\"ReadAction\",\"target\":[\"https:\\\/\\\/www.abd-bvd.be\\\/fr\\\/agenda\\\/docmoment-fevr2018\\\/\"]}]},{\"@type\":\"BreadcrumbList\",\"@id\":\"https:\\\/\\\/www.abd-bvd.be\\\/fr\\\/agenda\\\/docmoment-fevr2018\\\/#breadcrumb\",\"itemListElement\":[{\"@type\":\"ListItem\",\"position\":1,\"name\":\"Accueil\",\"item\":\"https:\\\/\\\/www.abd-bvd.be\\\/fr\\\/\"},{\"@type\":\"ListItem\",\"position\":2,\"name\":\"Doc&rsquo;Moment Nouvelles initiatives en open science \u00e0 la KU Leuven\"}]},{\"@type\":\"WebSite\",\"@id\":\"https:\\\/\\\/www.abd-bvd.be\\\/fr\\\/#website\",\"url\":\"https:\\\/\\\/www.abd-bvd.be\\\/fr\\\/\",\"name\":\"ABD-BVD\",\"description\":\"Association Belge de documentation - Belgische verniging voor documentatie\",\"potentialAction\":[{\"@type\":\"SearchAction\",\"target\":{\"@type\":\"EntryPoint\",\"urlTemplate\":\"https:\\\/\\\/www.abd-bvd.be\\\/fr\\\/?s={search_term_string}\"},\"query-input\":{\"@type\":\"PropertyValueSpecification\",\"valueRequired\":true,\"valueName\":\"search_term_string\"}}],\"inLanguage\":\"fr-FR\"},{\"@type\":\"Person\",\"@id\":\"https:\\\/\\\/www.abd-bvd.be\\\/fr\\\/#\\\/schema\\\/person\\\/b16d2027ba7bd24752b02f45e6c2d628\",\"name\":\"Guy Delsaut\",\"image\":{\"@type\":\"ImageObject\",\"inLanguage\":\"fr-FR\",\"@id\":\"https:\\\/\\\/secure.gravatar.com\\\/avatar\\\/661ab3e27256975e79639c97a039adabdf47fbcdcd1883bad66ee2e8b41bdfa7?s=96&d=mm&r=g\",\"url\":\"https:\\\/\\\/secure.gravatar.com\\\/avatar\\\/661ab3e27256975e79639c97a039adabdf47fbcdcd1883bad66ee2e8b41bdfa7?s=96&d=mm&r=g\",\"contentUrl\":\"https:\\\/\\\/secure.gravatar.com\\\/avatar\\\/661ab3e27256975e79639c97a039adabdf47fbcdcd1883bad66ee2e8b41bdfa7?s=96&d=mm&r=g\",\"caption\":\"Guy Delsaut\"},\"url\":\"https:\\\/\\\/www.abd-bvd.be\\\/fr\\\/author\\\/guy-delsaut\\\/\"}]}<\/script>\n<!-- \/ Yoast SEO plugin. -->","yoast_head_json":{"title":"Doc'Moment Nouvelles initiatives en open science \u00e0 la KU Leuven - ABD-BVD","description":"Le 26 f\u00e9vrier, l'ABD-BVD organise un Doc'Moment sur les nouvelles initiatives en open science \u00e0 la KU Leuven. Conf\u00e9rences et visite de la biblioth\u00e8que.","robots":{"index":"index","follow":"follow","max-snippet":"max-snippet:-1","max-image-preview":"max-image-preview:large","max-video-preview":"max-video-preview:-1"},"canonical":"https:\/\/www.abd-bvd.be\/fr\/agenda\/docmoment-fevr2018\/","og_locale":"fr_FR","og_type":"article","og_title":"Doc'Moment Nouvelles initiatives en open science \u00e0 la KU Leuven - ABD-BVD","og_description":"Le 26 f\u00e9vrier, l'ABD-BVD organise un Doc'Moment sur les nouvelles initiatives en open science \u00e0 la KU Leuven. Conf\u00e9rences et visite de la biblioth\u00e8que.","og_url":"https:\/\/www.abd-bvd.be\/fr\/agenda\/docmoment-fevr2018\/","og_site_name":"ABD-BVD","article_published_time":"2019-02-06T11:20:14+00:00","article_modified_time":"2019-02-06T11:44:06+00:00","author":"Guy Delsaut","twitter_card":"summary_large_image","twitter_misc":{"\u00c9crit par":"Guy Delsaut","Dur\u00e9e de lecture estim\u00e9e":"3 minutes"},"schema":{"@context":"https:\/\/schema.org","@graph":[{"@type":"Article","@id":"https:\/\/www.abd-bvd.be\/fr\/agenda\/docmoment-fevr2018\/#article","isPartOf":{"@id":"https:\/\/www.abd-bvd.be\/fr\/agenda\/docmoment-fevr2018\/"},"author":{"name":"Guy Delsaut","@id":"https:\/\/www.abd-bvd.be\/fr\/#\/schema\/person\/b16d2027ba7bd24752b02f45e6c2d628"},"headline":"Doc&rsquo;Moment Nouvelles initiatives en open science \u00e0 la KU Leuven","datePublished":"2019-02-06T11:20:14+00:00","dateModified":"2019-02-06T11:44:06+00:00","mainEntityOfPage":{"@id":"https:\/\/www.abd-bvd.be\/fr\/agenda\/docmoment-fevr2018\/"},"wordCount":558,"articleSection":["Agenda"],"inLanguage":"fr-FR"},{"@type":"WebPage","@id":"https:\/\/www.abd-bvd.be\/fr\/agenda\/docmoment-fevr2018\/","url":"https:\/\/www.abd-bvd.be\/fr\/agenda\/docmoment-fevr2018\/","name":"Doc'Moment Nouvelles initiatives en open science \u00e0 la KU Leuven - ABD-BVD","isPartOf":{"@id":"https:\/\/www.abd-bvd.be\/fr\/#website"},"datePublished":"2019-02-06T11:20:14+00:00","dateModified":"2019-02-06T11:44:06+00:00","author":{"@id":"https:\/\/www.abd-bvd.be\/fr\/#\/schema\/person\/b16d2027ba7bd24752b02f45e6c2d628"},"description":"Le 26 f\u00e9vrier, l'ABD-BVD organise un Doc'Moment sur les nouvelles initiatives en open science \u00e0 la KU Leuven. Conf\u00e9rences et visite de la biblioth\u00e8que.","breadcrumb":{"@id":"https:\/\/www.abd-bvd.be\/fr\/agenda\/docmoment-fevr2018\/#breadcrumb"},"inLanguage":"fr-FR","potentialAction":[{"@type":"ReadAction","target":["https:\/\/www.abd-bvd.be\/fr\/agenda\/docmoment-fevr2018\/"]}]},{"@type":"BreadcrumbList","@id":"https:\/\/www.abd-bvd.be\/fr\/agenda\/docmoment-fevr2018\/#breadcrumb","itemListElement":[{"@type":"ListItem","position":1,"name":"Accueil","item":"https:\/\/www.abd-bvd.be\/fr\/"},{"@type":"ListItem","position":2,"name":"Doc&rsquo;Moment Nouvelles initiatives en open science \u00e0 la KU Leuven"}]},{"@type":"WebSite","@id":"https:\/\/www.abd-bvd.be\/fr\/#website","url":"https:\/\/www.abd-bvd.be\/fr\/","name":"ABD-BVD","description":"Association Belge de documentation - Belgische verniging voor documentatie","potentialAction":[{"@type":"SearchAction","target":{"@type":"EntryPoint","urlTemplate":"https:\/\/www.abd-bvd.be\/fr\/?s={search_term_string}"},"query-input":{"@type":"PropertyValueSpecification","valueRequired":true,"valueName":"search_term_string"}}],"inLanguage":"fr-FR"},{"@type":"Person","@id":"https:\/\/www.abd-bvd.be\/fr\/#\/schema\/person\/b16d2027ba7bd24752b02f45e6c2d628","name":"Guy Delsaut","image":{"@type":"ImageObject","inLanguage":"fr-FR","@id":"https:\/\/secure.gravatar.com\/avatar\/661ab3e27256975e79639c97a039adabdf47fbcdcd1883bad66ee2e8b41bdfa7?s=96&d=mm&r=g","url":"https:\/\/secure.gravatar.com\/avatar\/661ab3e27256975e79639c97a039adabdf47fbcdcd1883bad66ee2e8b41bdfa7?s=96&d=mm&r=g","contentUrl":"https:\/\/secure.gravatar.com\/avatar\/661ab3e27256975e79639c97a039adabdf47fbcdcd1883bad66ee2e8b41bdfa7?s=96&d=mm&r=g","caption":"Guy Delsaut"},"url":"https:\/\/www.abd-bvd.be\/fr\/author\/guy-delsaut\/"}]}},"_links":{"self":[{"href":"https:\/\/www.abd-bvd.be\/fr\/wp-json\/wp\/v2\/posts\/13793","targetHints":{"allow":["GET"]}}],"collection":[{"href":"https:\/\/www.abd-bvd.be\/fr\/wp-json\/wp\/v2\/posts"}],"about":[{"href":"https:\/\/www.abd-bvd.be\/fr\/wp-json\/wp\/v2\/types\/post"}],"author":[{"embeddable":true,"href":"https:\/\/www.abd-bvd.be\/fr\/wp-json\/wp\/v2\/users\/5"}],"replies":[{"embeddable":true,"href":"https:\/\/www.abd-bvd.be\/fr\/wp-json\/wp\/v2\/comments?post=13793"}],"version-history":[{"count":2,"href":"https:\/\/www.abd-bvd.be\/fr\/wp-json\/wp\/v2\/posts\/13793\/revisions"}],"predecessor-version":[{"id":13795,"href":"https:\/\/www.abd-bvd.be\/fr\/wp-json\/wp\/v2\/posts\/13793\/revisions\/13795"}],"wp:attachment":[{"href":"https:\/\/www.abd-bvd.be\/fr\/wp-json\/wp\/v2\/media?parent=13793"}],"wp:term":[{"taxonomy":"category","embeddable":true,"href":"https:\/\/www.abd-bvd.be\/fr\/wp-json\/wp\/v2\/categories?post=13793"},{"taxonomy":"post_tag","embeddable":true,"href":"https:\/\/www.abd-bvd.be\/fr\/wp-json\/wp\/v2\/tags?post=13793"}],"curies":[{"name":"wp","href":"https:\/\/api.w.org\/{rel}","templated":true}]}}