{"id":1327,"date":"2015-06-04T07:00:24","date_gmt":"2015-06-04T07:00:24","guid":{"rendered":"http:\/\/www.abd-bvd.be\/?p=1327"},"modified":"2016-06-22T16:10:44","modified_gmt":"2016-06-22T16:10:44","slug":"inforum-2015","status":"publish","type":"post","link":"https:\/\/www.abd-bvd.be\/fr\/inforum\/inforum-2015\/","title":{"rendered":"Inforum 2015 &#8211; The I&#038;D Puzzle: new pieces to solve it"},"content":{"rendered":"<p style=\"text-align: left;\"><a href=\"https:\/\/www.abd-bvd.be\/wp-content\/uploads\/logo_inforum_2015.png\"><img loading=\"lazy\" decoding=\"async\" class=\"alignnone wp-image-1726\" src=\"https:\/\/www.abd-bvd.be\/wp-content\/uploads\/logo_inforum_2015-300x191.png\" alt=\"logo_inforum_2015\" width=\"399\" height=\"254\" srcset=\"https:\/\/www.abd-bvd.be\/wp-content\/uploads\/logo_inforum_2015-300x191.png 300w, https:\/\/www.abd-bvd.be\/wp-content\/uploads\/logo_inforum_2015.png 588w\" sizes=\"auto, (max-width: 399px) 100vw, 399px\" \/><\/a><\/p>\n<p style=\"text-align: left;\"><a href=\"https:\/\/www.abd-bvd.be\/wp-content\/uploads\/logo-rvb-small2.jpg\"><img loading=\"lazy\" decoding=\"async\" class=\"alignnone wp-image-1558\" src=\"https:\/\/www.abd-bvd.be\/wp-content\/uploads\/logo-rvb-small2-192x300.jpg\" alt=\"logo rvb small2\" width=\"114\" height=\"178\" srcset=\"https:\/\/www.abd-bvd.be\/wp-content\/uploads\/logo-rvb-small2-192x300.jpg 192w, https:\/\/www.abd-bvd.be\/wp-content\/uploads\/logo-rvb-small2.jpg 234w\" sizes=\"auto, (max-width: 114px) 100vw, 114px\" \/><\/a>En collaboration avec <a href=\"https:\/\/www.abd-bvd.be\/wp-content\/uploads\/logo_kbr_2010.gif\"><img loading=\"lazy\" decoding=\"async\" class=\"alignnone size-full wp-image-1729\" src=\"https:\/\/www.abd-bvd.be\/wp-content\/uploads\/logo_kbr_2010.gif\" alt=\"logo_kbr_2010\" width=\"89\" height=\"37\" \/><\/a><\/p>\n<p>Organis\u00e9 avec le soutien de<\/p>\n<p><a href=\"https:\/\/www.abd-bvd.be\/wp-content\/uploads\/logo_ebsco_2014.jpg\"><img loading=\"lazy\" decoding=\"async\" class=\" wp-image-1722 alignleft\" src=\"https:\/\/www.abd-bvd.be\/wp-content\/uploads\/logo_ebsco_2014.jpg\" alt=\"ebsco logo 294\" width=\"120\" height=\"42\" \/><\/a><a href=\"https:\/\/www.abd-bvd.be\/wp-content\/uploads\/LOGO_DelawareConsulting1.jpg\"><img loading=\"lazy\" decoding=\"async\" class=\"alignnone wp-image-1715\" src=\"https:\/\/www.abd-bvd.be\/wp-content\/uploads\/LOGO_DelawareConsulting1-300x116.jpg\" alt=\"LOGO_DelawareConsulting\" width=\"163\" height=\"63\" srcset=\"https:\/\/www.abd-bvd.be\/wp-content\/uploads\/LOGO_DelawareConsulting1-300x116.jpg 300w, https:\/\/www.abd-bvd.be\/wp-content\/uploads\/LOGO_DelawareConsulting1-1024x397.jpg 1024w\" sizes=\"auto, (max-width: 163px) 100vw, 163px\" \/><\/a><a href=\"https:\/\/www.abd-bvd.be\/wp-content\/uploads\/logo_infor_2015.jpg\"><img loading=\"lazy\" decoding=\"async\" class=\"alignnone size-full wp-image-1741\" src=\"https:\/\/www.abd-bvd.be\/wp-content\/uploads\/logo_infor_2015.jpg\" alt=\"logo_infor_2015\" width=\"81\" height=\"75\" \/><\/a><a href=\"https:\/\/www.abd-bvd.be\/wp-content\/uploads\/logo_lm_2015.png\"><img loading=\"lazy\" decoding=\"async\" class=\"alignnone size-full wp-image-1750\" src=\"https:\/\/www.abd-bvd.be\/wp-content\/uploads\/logo_lm_2015.png\" alt=\"logo_lm_2015\" width=\"100\" height=\"65\" \/><\/a><\/p>\n<p>&nbsp;<\/p>\n<h2>Programme<\/h2>\n<h3 style=\"text-align: center;\">MATIN<\/h3>\n<p style=\"text-align: justify;\">Mod\u00e9rateur : <span lang=\"nl-BE\">Bart<strong> Vancoppenolle<\/strong><\/span><span lang=\"nl-BE\">, Faculteitsbibliothecaris, Bibliotheek faculteit Psychologie en Pedagogische Wetenschappen UGent<\/span><\/p>\n<h4 style=\"text-align: justify;\">ACCUEIL<\/h4>\n<hr \/>\n<h4 style=\"text-align: justify;\">INTRODUCTION ET PR\u00c9SENTATION DE LA JOURN\u00c9E<\/h4>\n<p style=\"text-align: justify;\">par Guy <strong>Delsaut<\/strong>, pr\u00e9sident de l\u2019ABD-BVD,<br \/>\nPatrick <strong>Lef\u00e8vre<\/strong>, directeur g\u00e9n\u00e9ral de la Biblioth\u00e8que royale de Belgique (KBR),<br \/>\net Marc <strong>Van den Bergh<\/strong>, coordinateur de l\u2019Inforum 2015<\/p>\n<hr \/>\n<h4 style=\"text-align: justify;\"><span lang=\"fr-BE\">SITE WEB DE BIBLIOTH\u00c8QUES PUBLIQUES : DES CONTENUS ET SERVICES COMPL\u00c9MENTAIRES <\/span><\/h4>\n<p style=\"text-align: justify;\">par <span lang=\"fr-BE\">Laurence<strong> Delaye<\/strong><\/span><span lang=\"fr-BE\">, Responsable de l&rsquo;Espace public num\u00e9rique de Jemappes, Biblioth\u00e8que principale Mons<\/span><\/p>\n<p style=\"text-align: justify;\"><span lang=\"fr-BE\">Dans une soci\u00e9t\u00e9 de l&rsquo;information o\u00f9 Internet est devenu le m\u00e9dia incontournable, impossible pour une biblioth\u00e8que publique de ne pas exister sur le Net. Beaucoup ont fait le choix d&rsquo;une page sur le site communale ou au mieux d&rsquo;un blog pour informer leurs publics mais nos lecteurs sont de plus en plus exigeants. L&rsquo;\u00e9volution de la l\u00e9gislation des biblioth\u00e8ques va en ce sens. Mais quels sont les contenus et les services \u00e0 proposer pour un site Web de biblioth\u00e8ques publiques ?<\/span><\/p>\n<p style=\"text-align: justify;\"><span class=\"file-button\"><a href=\"https:\/\/www.abd-bvd.be\/wp-content\/uploads\/Inforum-2015-Laurence-Delaye.pdf\">T\u00e9l\u00e9charger (FR)<\/a><\/span><\/p>\n<hr \/>\n<h4 style=\"text-align: justify;\">APPROACHES TO DIGITAL PRESERVATION PLANNING AT THE BRITISH LIBRARY<\/h4>\n<p style=\"text-align: justify;\">par Michael<strong> Day<\/strong>, <span lang=\"en-GB\">Digital Preservation Manager, The British Library, Londres (Royaume- Uni)<\/span><\/p>\n<p style=\"text-align: justify;\"><span lang=\"en-GB\">The British Library is increasingly a digital library. Over the past few decades, the British Library has built up significant collections of digital content, accelerated in recent years by the extension of legal deposit provisions to non-print works in 2013. The Library has invested heavily in developing scalable infrastructures for the acquisition, storage and management of large amounts of digital content and has approved a digital preservation strategy that is focused on the embedding of digital sustainability as an organizational principle across the whole organisation. This presentation will focus on the development of the Library\u2019s preservation planning activities, which are intended to help manage preservation risks and challenges across all digital collection content lifecycles.<\/span><\/p>\n<p style=\"text-align: justify;\"><span class=\"file-button\"><a href=\"https:\/\/www.abd-bvd.be\/wp-content\/uploads\/Inforum-2015-Michael-Day.pdf\">T\u00e9l\u00e9charger (EN)<\/a><\/span><\/p>\n<hr \/>\n<h4 style=\"text-align: justify;\">PAUSE<\/h4>\n<hr \/>\n<h4 style=\"text-align: justify;\"><span lang=\"fr-BE\">LA GESTION DE L\u2019INFORMATION DANS UNE NOUVELLE \u00c8RE : CE QUE LE WEB SAUVAGE FAIT DE NOUS ET DE NOS ORGANISATIONS <\/span><\/h4>\n<p style=\"text-align: justify;\">par <span lang=\"nl-BE\">Filip<strong> Callewaert<\/strong><\/span><span lang=\"nl-BE\">, Verantwoordelijke Informatie- en Archiefbeheer, Gemeentelijk Havenbedrijf Antwerpen<\/span><\/p>\n<p style=\"text-align: justify;\"><span lang=\"fr-BE\">Nous ne pouvons pas l&rsquo;ignorer : le monde et, faisant partie de cela, nos organisations sont tomb\u00e9s dans une r\u00e9volution de l&rsquo;information. Le \u00ab\u00a0travail de l&rsquo;information\u00a0\u00bb change drastiquement : les syst\u00e8mes de traitement de l&rsquo;information deviennent intelligents, de plus en plus de processus d&rsquo;entreprise sont automatis\u00e9s, et la \u00ab\u00a0collaboration sociale\u00a0\u00bb est devenue une n\u00e9cessit\u00e9 quotidienne dans les m\u00e9tiers de la connaissance. L&rsquo;information sera super utile et hyperkin\u00e9tique ou ne le sera pas. Dans cette pr\u00e9sentation, nous examinerons cette (r)\u00e9volution et ses \u00ab\u00a0forces\u00a0\u00bb. Ce qui nous int\u00e9resse avant tout, c&rsquo;est comment nous pouvons d\u00e9finir une vision appropri\u00e9e de la gestion d&rsquo;information et quels sont les processus et outils de gestion de l&rsquo;information radicalement diff\u00e9rents que nous introduirons.<\/span><\/p>\n<p style=\"text-align: justify;\"><span class=\"file-button\"><a href=\"https:\/\/www.abd-bvd.be\/wp-content\/uploads\/Inforum-2015-Filip-Callewaert.pdf\">T\u00e9l\u00e9charger (NL)<\/a><\/span><\/p>\n<hr \/>\n<h4 style=\"text-align: justify;\"><span lang=\"fr-BE\">PR\u00c9SENTATION DU NOUVEAU SITE WEB EN CONSTRUCTION DE L\u2019ABD-BVD <\/span><\/h4>\n<p style=\"text-align: justify;\">par\u00a0<span lang=\"nl-BE\">Denis<strong> Renard<\/strong><\/span><span lang=\"nl-BE\">, Webmaster, ABD-BVD<\/span><\/p>\n<hr \/>\n<h4 style=\"text-align: justify;\">LUNCH<\/h4>\n<hr \/>\n<h3 style=\"text-align: center;\">APR\u00c8S-MIDI<\/h3>\n<p style=\"text-align: justify;\">Mod\u00e9ratrice : <span lang=\"fr-BE\">J\u00e9sica<strong> De Salvador<\/strong><\/span><span lang=\"fr-BE\">, Information Officer, <\/span><span lang=\"fr-BE\">Centre de Recherches routi\u00e8res, Bruxelles <\/span><\/p>\n<h4 style=\"text-align: justify;\">REMISE DU <a href=\"https:\/\/www.abd-bvd.be\/fr\/activites-evenements\/prix-abd-bvd\/\">PRIX DE L\u2019ASSOCIATION BELGE DE DOCUMENTATION<\/a><\/h4>\n<p style=\"text-align: justify;\">par <span lang=\"fr-BE\">Isabelle<strong> Somville-Cornet<\/strong><\/span><span lang=\"fr-BE\">, pr\u00e9sidente du jury du Prix ABD-BVD<\/span><\/p>\n<p style=\"text-align: justify;\">Laur\u00e9at : Olivier Thirion (dipl\u00f4m\u00e9 de l&rsquo;ULB)<\/p>\n<p style=\"text-align: justify;\">Titre du m\u00e9moire pr\u00e9sent\u00e9 :<i>\u00a0<i id=\"yui_3_16_0_1_1433446764660_5950\">Descriptions bibliographiques et points d&rsquo;acc\u00e8s : quels d\u00e9fis posent les nouveaux mod\u00e8les de donn\u00e9es et les nouvelles normes aux biblioth\u00e8ques francophones.<\/i><\/i><\/p>\n<p style=\"text-align: justify;\"><span class=\"file-button\"><a href=\"https:\/\/www.abd-bvd.be\/wp-content\/uploads\/Inforum-2015-Olivier-Thirion.pdf\">T\u00e9l\u00e9charger (FR)<\/a><\/span><\/p>\n<hr \/>\n<h4 style=\"text-align: justify;\"><span lang=\"fr-BE\">TROUVER DE L\u2019INFORMATION GR\u00c2CE \u00c0 LA RECHERCHE PAR IMAGE <\/span><\/h4>\n<p style=\"text-align: justify;\">par <span lang=\"nl-BE\">Paul<strong> Nieuwenhuysen<\/strong><\/span><span lang=\"nl-BE\">, Professor, Vrije Universiteit Brussel <\/span><\/p>\n<p style=\"text-align: justify;\"><span lang=\"fr-BE\">La pr\u00e9sentation donne une vue globale d\u2019une \u00e9tude en cours au sujet d&rsquo;une m\u00e9thode d&rsquo;obtention d&rsquo;information en partant d&rsquo;images accessibles via Internet. Dans une m\u00e9thode relativement neuve de recherche d&rsquo;information, il existe une requ\u00eate qui se base non pas sur du texte mais sur un fichier image. La performance et l&rsquo;utilit\u00e9 de deux outils de recherche ont \u00e9t\u00e9 examin\u00e9es. Les diff\u00e9rentes applications sont illustr\u00e9es. En conclusion, la recherche par image via Internet est une m\u00e9thode \u00e9mergente et suppl\u00e9mentaire pour trouver de l&rsquo;information.<\/span><\/p>\n<p style=\"text-align: justify;\"><span class=\"file-button\"><a href=\"https:\/\/www.abd-bvd.be\/wp-content\/uploads\/Inforum-2015-Paul-Nieuwenhuysen.pdf\">T\u00e9l\u00e9charger (EN)<\/a><\/span><\/p>\n<hr \/>\n<h4 style=\"text-align: justify;\"><span lang=\"fr-BE\">LA VEILLE SUR LES R\u00c9SEAUX SOCIAUX : M\u00c9THODES, OUTILS &amp; ASTUCES<\/span><\/h4>\n<p style=\"text-align: justify;\">par <span lang=\"fr-BE\">B\u00e9atrice<strong> Foenix-Riou<\/strong><\/span><span lang=\"fr-BE\">, <\/span><span lang=\"fr-BE\">Directrice, BFR Consultants et auteure Recherche-eveillee.com, Saint-Maur-des-Foss\u00e9s (France)<\/span><\/p>\n<p style=\"text-align: justify;\"><span lang=\"fr-BE\">Les r\u00e9seaux sociaux constituent aujourd\u2019hui de pr\u00e9cieux et puissants outils pour le veilleur. Pour autant, les professionnels de l\u2019infodoc h\u00e9sitent \u00e0 les int\u00e9grer dans leur veille, par m\u00e9connaissance ou par peur de la surcharge informationnelle. Apr\u00e8s une pr\u00e9sentation de quelques r\u00e9seaux sociaux et de leurs atouts pour les professionnels, nous nous int\u00e9resserons plus particuli\u00e8rement \u00e0 Twitter et pr\u00e9senterons des m\u00e9thodes, des outils et des astuces pour optimiser l&rsquo;usage du site de microblogging.<\/span><\/p>\n<p style=\"text-align: justify;\"><span class=\"file-button\"><a href=\"https:\/\/www.abd-bvd.be\/wp-content\/uploads\/Inforum-2015-B\u00e9atrice-Foenix-Riou.pdf\">T\u00e9l\u00e9charger (FR)<\/a><\/span><\/p>\n<hr \/>\n<h4 style=\"text-align: justify;\">CL\u00d4TURE<\/h4>\n<p style=\"text-align: justify;\">par Marc <strong>Van den Bergh<\/strong>, coordinateur de l\u2019Inforum 2015<\/p>\n<hr \/>\n<h4 style=\"text-align: justify;\">R\u00c9CEPTION<\/h4>\n<p>&nbsp;<\/p>\n<div id=\"ff_peerindex_tooltip\"><\/div>\n","protected":false},"excerpt":{"rendered":"<p>En collaboration avec Organis\u00e9 avec le soutien de &nbsp; Programme MATIN Mod\u00e9rateur : Bart Vancoppenolle, Faculteitsbibliothecaris, Bibliotheek faculteit Psychologie en Pedagogische Wetenschappen UGent ACCUEIL INTRODUCTION ET PR\u00c9SENTATION DE LA JOURN\u00c9E par Guy Delsaut, pr\u00e9sident de l\u2019ABD-BVD, Patrick Lef\u00e8vre, directeur g\u00e9n\u00e9ral de la Biblioth\u00e8que royale de Belgique (KBR), et Marc Van den Bergh, coordinateur de l\u2019Inforum [&hellip;]<\/p>\n","protected":false},"author":11,"featured_media":0,"comment_status":"open","ping_status":"open","sticky":false,"template":"","format":"standard","meta":{"_acf_changed":false,"footnotes":"","_wpscppro_dont_share_socialmedia":false,"_wpscppro_custom_social_share_image":0,"_facebook_share_type":"","_twitter_share_type":"","_linkedin_share_type":"","_pinterest_share_type":"","_linkedin_share_type_page":"","_instagram_share_type":"","_medium_share_type":"","_threads_share_type":"","_google_business_share_type":"","_selected_social_profile":[],"_wpsp_enable_custom_social_template":false,"_wpsp_social_scheduling":{"enabled":false,"datetime":null,"platforms":[],"status":"template_only","dateOption":"today","timeOption":"now","customDays":"","customHours":"","customDate":"","customTime":"","schedulingType":"absolute"},"_wpsp_active_default_template":true},"categories":[68],"tags":[],"class_list":["post-1327","post","type-post","status-publish","format-standard","hentry","category-inforum"],"acf":[],"yoast_head":"<!-- This site is optimized with the Yoast SEO plugin v27.4 - https:\/\/yoast.com\/product\/yoast-seo-wordpress\/ -->\n<title>Inforum 2015 - The I&amp;D Puzzle: new pieces to solve it - ABD-BVD<\/title>\n<meta name=\"description\" content=\"test affichage m\u00e9ta description\" \/>\n<meta name=\"robots\" content=\"index, follow, max-snippet:-1, max-image-preview:large, max-video-preview:-1\" \/>\n<link rel=\"canonical\" href=\"https:\/\/www.abd-bvd.be\/fr\/inforum\/inforum-2015\/\" \/>\n<meta property=\"og:locale\" content=\"fr_FR\" \/>\n<meta property=\"og:type\" content=\"article\" \/>\n<meta property=\"og:title\" content=\"Inforum 2015 - The I&amp;D Puzzle: new pieces to solve it - ABD-BVD\" \/>\n<meta property=\"og:description\" content=\"test affichage m\u00e9ta description\" \/>\n<meta property=\"og:url\" content=\"https:\/\/www.abd-bvd.be\/fr\/inforum\/inforum-2015\/\" \/>\n<meta property=\"og:site_name\" content=\"ABD-BVD\" \/>\n<meta property=\"article:published_time\" content=\"2015-06-04T07:00:24+00:00\" \/>\n<meta property=\"article:modified_time\" content=\"2016-06-22T16:10:44+00:00\" \/>\n<meta property=\"og:image\" content=\"https:\/\/www.abd-bvd.be\/wp-content\/uploads\/logo_inforum_2015-300x191.png\" \/>\n<meta name=\"author\" content=\"Catherine G\u00e9rard\" \/>\n<meta name=\"twitter:card\" content=\"summary_large_image\" \/>\n<meta name=\"twitter:label1\" content=\"\u00c9crit par\" \/>\n\t<meta name=\"twitter:data1\" content=\"Catherine G\u00e9rard\" \/>\n\t<meta name=\"twitter:label2\" content=\"Dur\u00e9e de lecture estim\u00e9e\" \/>\n\t<meta name=\"twitter:data2\" content=\"4 minutes\" \/>\n<script type=\"application\/ld+json\" class=\"yoast-schema-graph\">{\"@context\":\"https:\\\/\\\/schema.org\",\"@graph\":[{\"@type\":\"Article\",\"@id\":\"https:\\\/\\\/www.abd-bvd.be\\\/fr\\\/inforum\\\/inforum-2015\\\/#article\",\"isPartOf\":{\"@id\":\"https:\\\/\\\/www.abd-bvd.be\\\/fr\\\/inforum\\\/inforum-2015\\\/\"},\"author\":{\"name\":\"Catherine G\u00e9rard\",\"@id\":\"https:\\\/\\\/www.abd-bvd.be\\\/fr\\\/#\\\/schema\\\/person\\\/b6755b61a1d8f94d075def4981f46068\"},\"headline\":\"Inforum 2015 &#8211; The I&#038;D Puzzle: new pieces to solve it\",\"datePublished\":\"2015-06-04T07:00:24+00:00\",\"dateModified\":\"2016-06-22T16:10:44+00:00\",\"mainEntityOfPage\":{\"@id\":\"https:\\\/\\\/www.abd-bvd.be\\\/fr\\\/inforum\\\/inforum-2015\\\/\"},\"wordCount\":853,\"commentCount\":0,\"image\":{\"@id\":\"https:\\\/\\\/www.abd-bvd.be\\\/fr\\\/inforum\\\/inforum-2015\\\/#primaryimage\"},\"thumbnailUrl\":\"https:\\\/\\\/www.abd-bvd.be\\\/wp-content\\\/uploads\\\/logo_inforum_2015-300x191.png\",\"articleSection\":[\"Inforum\"],\"inLanguage\":\"fr-FR\",\"potentialAction\":[{\"@type\":\"CommentAction\",\"name\":\"Comment\",\"target\":[\"https:\\\/\\\/www.abd-bvd.be\\\/fr\\\/inforum\\\/inforum-2015\\\/#respond\"]}]},{\"@type\":\"WebPage\",\"@id\":\"https:\\\/\\\/www.abd-bvd.be\\\/fr\\\/inforum\\\/inforum-2015\\\/\",\"url\":\"https:\\\/\\\/www.abd-bvd.be\\\/fr\\\/inforum\\\/inforum-2015\\\/\",\"name\":\"Inforum 2015 - The I&D Puzzle: new pieces to solve it - ABD-BVD\",\"isPartOf\":{\"@id\":\"https:\\\/\\\/www.abd-bvd.be\\\/fr\\\/#website\"},\"primaryImageOfPage\":{\"@id\":\"https:\\\/\\\/www.abd-bvd.be\\\/fr\\\/inforum\\\/inforum-2015\\\/#primaryimage\"},\"image\":{\"@id\":\"https:\\\/\\\/www.abd-bvd.be\\\/fr\\\/inforum\\\/inforum-2015\\\/#primaryimage\"},\"thumbnailUrl\":\"https:\\\/\\\/www.abd-bvd.be\\\/wp-content\\\/uploads\\\/logo_inforum_2015-300x191.png\",\"datePublished\":\"2015-06-04T07:00:24+00:00\",\"dateModified\":\"2016-06-22T16:10:44+00:00\",\"author\":{\"@id\":\"https:\\\/\\\/www.abd-bvd.be\\\/fr\\\/#\\\/schema\\\/person\\\/b6755b61a1d8f94d075def4981f46068\"},\"description\":\"test affichage m\u00e9ta description\",\"breadcrumb\":{\"@id\":\"https:\\\/\\\/www.abd-bvd.be\\\/fr\\\/inforum\\\/inforum-2015\\\/#breadcrumb\"},\"inLanguage\":\"fr-FR\",\"potentialAction\":[{\"@type\":\"ReadAction\",\"target\":[\"https:\\\/\\\/www.abd-bvd.be\\\/fr\\\/inforum\\\/inforum-2015\\\/\"]}]},{\"@type\":\"ImageObject\",\"inLanguage\":\"fr-FR\",\"@id\":\"https:\\\/\\\/www.abd-bvd.be\\\/fr\\\/inforum\\\/inforum-2015\\\/#primaryimage\",\"url\":\"https:\\\/\\\/www.abd-bvd.be\\\/wp-content\\\/uploads\\\/logo_inforum_2015-300x191.png\",\"contentUrl\":\"https:\\\/\\\/www.abd-bvd.be\\\/wp-content\\\/uploads\\\/logo_inforum_2015-300x191.png\"},{\"@type\":\"BreadcrumbList\",\"@id\":\"https:\\\/\\\/www.abd-bvd.be\\\/fr\\\/inforum\\\/inforum-2015\\\/#breadcrumb\",\"itemListElement\":[{\"@type\":\"ListItem\",\"position\":1,\"name\":\"Accueil\",\"item\":\"https:\\\/\\\/www.abd-bvd.be\\\/fr\\\/\"},{\"@type\":\"ListItem\",\"position\":2,\"name\":\"Inforum 2015 &#8211; The I&#038;D Puzzle: new pieces to solve it\"}]},{\"@type\":\"WebSite\",\"@id\":\"https:\\\/\\\/www.abd-bvd.be\\\/fr\\\/#website\",\"url\":\"https:\\\/\\\/www.abd-bvd.be\\\/fr\\\/\",\"name\":\"ABD-BVD\",\"description\":\"Association Belge de documentation - Belgische verniging voor documentatie\",\"potentialAction\":[{\"@type\":\"SearchAction\",\"target\":{\"@type\":\"EntryPoint\",\"urlTemplate\":\"https:\\\/\\\/www.abd-bvd.be\\\/fr\\\/?s={search_term_string}\"},\"query-input\":{\"@type\":\"PropertyValueSpecification\",\"valueRequired\":true,\"valueName\":\"search_term_string\"}}],\"inLanguage\":\"fr-FR\"},{\"@type\":\"Person\",\"@id\":\"https:\\\/\\\/www.abd-bvd.be\\\/fr\\\/#\\\/schema\\\/person\\\/b6755b61a1d8f94d075def4981f46068\",\"name\":\"Catherine G\u00e9rard\",\"image\":{\"@type\":\"ImageObject\",\"inLanguage\":\"fr-FR\",\"@id\":\"https:\\\/\\\/secure.gravatar.com\\\/avatar\\\/056de6abd907d96ee36216f287a04afb1792e8f76d2bb0915afff30cd81c37a2?s=96&d=mm&r=g\",\"url\":\"https:\\\/\\\/secure.gravatar.com\\\/avatar\\\/056de6abd907d96ee36216f287a04afb1792e8f76d2bb0915afff30cd81c37a2?s=96&d=mm&r=g\",\"contentUrl\":\"https:\\\/\\\/secure.gravatar.com\\\/avatar\\\/056de6abd907d96ee36216f287a04afb1792e8f76d2bb0915afff30cd81c37a2?s=96&d=mm&r=g\",\"caption\":\"Catherine G\u00e9rard\"},\"url\":\"https:\\\/\\\/www.abd-bvd.be\\\/fr\\\/author\\\/catherine-gerard\\\/\"}]}<\/script>\n<!-- \/ Yoast SEO plugin. -->","yoast_head_json":{"title":"Inforum 2015 - The I&D Puzzle: new pieces to solve it - ABD-BVD","description":"test affichage m\u00e9ta description","robots":{"index":"index","follow":"follow","max-snippet":"max-snippet:-1","max-image-preview":"max-image-preview:large","max-video-preview":"max-video-preview:-1"},"canonical":"https:\/\/www.abd-bvd.be\/fr\/inforum\/inforum-2015\/","og_locale":"fr_FR","og_type":"article","og_title":"Inforum 2015 - The I&D Puzzle: new pieces to solve it - ABD-BVD","og_description":"test affichage m\u00e9ta description","og_url":"https:\/\/www.abd-bvd.be\/fr\/inforum\/inforum-2015\/","og_site_name":"ABD-BVD","article_published_time":"2015-06-04T07:00:24+00:00","article_modified_time":"2016-06-22T16:10:44+00:00","og_image":[{"url":"https:\/\/www.abd-bvd.be\/wp-content\/uploads\/logo_inforum_2015-300x191.png","type":"","width":"","height":""}],"author":"Catherine G\u00e9rard","twitter_card":"summary_large_image","twitter_misc":{"\u00c9crit par":"Catherine G\u00e9rard","Dur\u00e9e de lecture estim\u00e9e":"4 minutes"},"schema":{"@context":"https:\/\/schema.org","@graph":[{"@type":"Article","@id":"https:\/\/www.abd-bvd.be\/fr\/inforum\/inforum-2015\/#article","isPartOf":{"@id":"https:\/\/www.abd-bvd.be\/fr\/inforum\/inforum-2015\/"},"author":{"name":"Catherine G\u00e9rard","@id":"https:\/\/www.abd-bvd.be\/fr\/#\/schema\/person\/b6755b61a1d8f94d075def4981f46068"},"headline":"Inforum 2015 &#8211; The I&#038;D Puzzle: new pieces to solve it","datePublished":"2015-06-04T07:00:24+00:00","dateModified":"2016-06-22T16:10:44+00:00","mainEntityOfPage":{"@id":"https:\/\/www.abd-bvd.be\/fr\/inforum\/inforum-2015\/"},"wordCount":853,"commentCount":0,"image":{"@id":"https:\/\/www.abd-bvd.be\/fr\/inforum\/inforum-2015\/#primaryimage"},"thumbnailUrl":"https:\/\/www.abd-bvd.be\/wp-content\/uploads\/logo_inforum_2015-300x191.png","articleSection":["Inforum"],"inLanguage":"fr-FR","potentialAction":[{"@type":"CommentAction","name":"Comment","target":["https:\/\/www.abd-bvd.be\/fr\/inforum\/inforum-2015\/#respond"]}]},{"@type":"WebPage","@id":"https:\/\/www.abd-bvd.be\/fr\/inforum\/inforum-2015\/","url":"https:\/\/www.abd-bvd.be\/fr\/inforum\/inforum-2015\/","name":"Inforum 2015 - The I&D Puzzle: new pieces to solve it - ABD-BVD","isPartOf":{"@id":"https:\/\/www.abd-bvd.be\/fr\/#website"},"primaryImageOfPage":{"@id":"https:\/\/www.abd-bvd.be\/fr\/inforum\/inforum-2015\/#primaryimage"},"image":{"@id":"https:\/\/www.abd-bvd.be\/fr\/inforum\/inforum-2015\/#primaryimage"},"thumbnailUrl":"https:\/\/www.abd-bvd.be\/wp-content\/uploads\/logo_inforum_2015-300x191.png","datePublished":"2015-06-04T07:00:24+00:00","dateModified":"2016-06-22T16:10:44+00:00","author":{"@id":"https:\/\/www.abd-bvd.be\/fr\/#\/schema\/person\/b6755b61a1d8f94d075def4981f46068"},"description":"test affichage m\u00e9ta description","breadcrumb":{"@id":"https:\/\/www.abd-bvd.be\/fr\/inforum\/inforum-2015\/#breadcrumb"},"inLanguage":"fr-FR","potentialAction":[{"@type":"ReadAction","target":["https:\/\/www.abd-bvd.be\/fr\/inforum\/inforum-2015\/"]}]},{"@type":"ImageObject","inLanguage":"fr-FR","@id":"https:\/\/www.abd-bvd.be\/fr\/inforum\/inforum-2015\/#primaryimage","url":"https:\/\/www.abd-bvd.be\/wp-content\/uploads\/logo_inforum_2015-300x191.png","contentUrl":"https:\/\/www.abd-bvd.be\/wp-content\/uploads\/logo_inforum_2015-300x191.png"},{"@type":"BreadcrumbList","@id":"https:\/\/www.abd-bvd.be\/fr\/inforum\/inforum-2015\/#breadcrumb","itemListElement":[{"@type":"ListItem","position":1,"name":"Accueil","item":"https:\/\/www.abd-bvd.be\/fr\/"},{"@type":"ListItem","position":2,"name":"Inforum 2015 &#8211; The I&#038;D Puzzle: new pieces to solve it"}]},{"@type":"WebSite","@id":"https:\/\/www.abd-bvd.be\/fr\/#website","url":"https:\/\/www.abd-bvd.be\/fr\/","name":"ABD-BVD","description":"Association Belge de documentation - Belgische verniging voor documentatie","potentialAction":[{"@type":"SearchAction","target":{"@type":"EntryPoint","urlTemplate":"https:\/\/www.abd-bvd.be\/fr\/?s={search_term_string}"},"query-input":{"@type":"PropertyValueSpecification","valueRequired":true,"valueName":"search_term_string"}}],"inLanguage":"fr-FR"},{"@type":"Person","@id":"https:\/\/www.abd-bvd.be\/fr\/#\/schema\/person\/b6755b61a1d8f94d075def4981f46068","name":"Catherine G\u00e9rard","image":{"@type":"ImageObject","inLanguage":"fr-FR","@id":"https:\/\/secure.gravatar.com\/avatar\/056de6abd907d96ee36216f287a04afb1792e8f76d2bb0915afff30cd81c37a2?s=96&d=mm&r=g","url":"https:\/\/secure.gravatar.com\/avatar\/056de6abd907d96ee36216f287a04afb1792e8f76d2bb0915afff30cd81c37a2?s=96&d=mm&r=g","contentUrl":"https:\/\/secure.gravatar.com\/avatar\/056de6abd907d96ee36216f287a04afb1792e8f76d2bb0915afff30cd81c37a2?s=96&d=mm&r=g","caption":"Catherine G\u00e9rard"},"url":"https:\/\/www.abd-bvd.be\/fr\/author\/catherine-gerard\/"}]}},"_links":{"self":[{"href":"https:\/\/www.abd-bvd.be\/fr\/wp-json\/wp\/v2\/posts\/1327","targetHints":{"allow":["GET"]}}],"collection":[{"href":"https:\/\/www.abd-bvd.be\/fr\/wp-json\/wp\/v2\/posts"}],"about":[{"href":"https:\/\/www.abd-bvd.be\/fr\/wp-json\/wp\/v2\/types\/post"}],"author":[{"embeddable":true,"href":"https:\/\/www.abd-bvd.be\/fr\/wp-json\/wp\/v2\/users\/11"}],"replies":[{"embeddable":true,"href":"https:\/\/www.abd-bvd.be\/fr\/wp-json\/wp\/v2\/comments?post=1327"}],"version-history":[{"count":0,"href":"https:\/\/www.abd-bvd.be\/fr\/wp-json\/wp\/v2\/posts\/1327\/revisions"}],"wp:attachment":[{"href":"https:\/\/www.abd-bvd.be\/fr\/wp-json\/wp\/v2\/media?parent=1327"}],"wp:term":[{"taxonomy":"category","embeddable":true,"href":"https:\/\/www.abd-bvd.be\/fr\/wp-json\/wp\/v2\/categories?post=1327"},{"taxonomy":"post_tag","embeddable":true,"href":"https:\/\/www.abd-bvd.be\/fr\/wp-json\/wp\/v2\/tags?post=1327"}],"curies":[{"name":"wp","href":"https:\/\/api.w.org\/{rel}","templated":true}]}}