{"id":13011,"date":"2018-11-08T09:42:53","date_gmt":"2018-11-08T08:42:53","guid":{"rendered":"https:\/\/www.abd-bvd.be\/?p=13011"},"modified":"2019-01-20T18:54:17","modified_gmt":"2019-01-20T17:54:17","slug":"docmoment-une-apres-midi-de-decouverte-documentation-outils-de-recherche-et-de-valorisation-des-collections-du-centre-detude-guerre-et-societe-cegesoma-et-du-service-archives-des-victi","status":"publish","type":"post","link":"https:\/\/www.abd-bvd.be\/fr\/doc-moments\/docmoment-une-apres-midi-de-decouverte-documentation-outils-de-recherche-et-de-valorisation-des-collections-du-centre-detude-guerre-et-societe-cegesoma-et-du-service-archives-des-victi\/","title":{"rendered":"D\u00e9cembre 2018 &#8211; Une apr\u00e8s-midi au Centre d\u2019Etude Guerre et Soci\u00e9t\u00e9 (CegeSoma) et au Service Archives des Victimes de la Guerre (SVG)."},"content":{"rendered":"<h2 style=\"text-align: justify;\">Une apr\u00e8s-midi de d\u00e9couverte. Documentation, outils de recherche et de valorisation des collections du Centre d\u2019Etude Guerre et Soci\u00e9t\u00e9 (CegeSoma) et du Service Archives des Victimes de la Guerre (SVG).<\/h2>\n<p>C\u2019est en d\u00e9cembre 1967 que le Centre de Recherches et d\u2019Etudes historiques de la Seconde Guerre mondiale a vu le jour. Devenu entre-temps le CegeSoma et int\u00e9gr\u00e9 au sein des Archives de l\u2019Etat depuis le 1er janvier 2016, il forme aujourd\u2019hui sa 4e Direction op\u00e9rationnelle et est une institution de r\u00e9f\u00e9rence pour l\u2019\u00e9tude de la Belgique et des pays voisins au 20e si\u00e8cle, appr\u00e9hend\u00e9e plus sp\u00e9cialement sous l\u2019angle des deux conflits mondiaux.<\/p>\n<p>Il a pour mission de recueillir, conserver, exploiter et mettre \u00e0 disposition des archives et de la documentation portant sur des p\u00e9riodes de tensions et de ruptures politiques, sociales, culturelles ou \u00e9conomiques du si\u00e8cle pass\u00e9.<\/p>\n<p>A c\u00f4t\u00e9 de l\u2019exploitation de ses collections d\u2019archives, ouvrages, p\u00e9riodiques, photographies, affiches, documents sonores et audiovisuels, \u2026 le CegeSoma m\u00e8ne des recherches acad\u00e9miques et d\u2019histoire publique.<\/p>\n<p>Il organise \u00e9galement des journ\u00e9es d\u2019\u00e9tudes et des colloques nationaux et internationaux et publie r\u00e9guli\u00e8rement des ouvrages ainsi qu\u2019une revue scientifique illustr\u00e9e (la Revue belge d\u2019Histoire contemporaine) et une Newsletter mensuelle.<\/p>\n<p>Le Service Archives des Victimes de la Guerre, cr\u00e9\u00e9 apr\u00e8s la Seconde Guerre mondiale, int\u00e9gr\u00e9 au sein des Archives de l\u2019Etat depuis le 1er janvier 2018, et dont les collections compl\u00e8tent remarquablement celles du CegeSoma, est situ\u00e9 dans le m\u00eame b\u00e2timent. Les deux services entendent aujourd\u2019hui r\u00e9pondre au mieux aux nouveaux d\u00e9fis de l\u2019avenir.<\/p>\n<p><strong>Orateurs :<\/strong><br \/>\n* <em>Mathieu Roeges<\/em>, historien, chercheur (projet UGESCO) au CegeSoma<br \/>\n* <em>Alain Colignon<\/em>, historien, responsable de la Biblioth\u00e8que du CegeSoma<br \/>\n* <em>Chantal Kesteloot<\/em>, historienne, responsable Histoire publique au CegeSoma<br \/>\n*<em> Alexandra Matagne<\/em> : historienne, chef de service au SVG<br \/>\n* <em>Gert De Prins <\/em>: historien, chef de service au SVG<\/p>\n<p>* Pr\u00e9sentation du CegeSoma et du SVG, de leurs collections et outils de recherche, questions-r\u00e9ponses<br \/>\n* Visite guid\u00e9e de la biblioth\u00e8que et des d\u00e9p\u00f4ts d\u2019archives<\/p>\n","protected":false},"excerpt":{"rendered":"<p>Une apr\u00e8s-midi de d\u00e9couverte. Documentation, outils de recherche et de valorisation des collections du Centre d\u2019Etude Guerre et Soci\u00e9t\u00e9 (CegeSoma) et du Service Archives des Victimes de la Guerre (SVG). C\u2019est en d\u00e9cembre 1967 que le Centre de Recherches et d\u2019Etudes historiques de la Seconde Guerre mondiale a vu le jour. Devenu entre-temps le CegeSoma [&hellip;]<\/p>\n","protected":false},"author":26,"featured_media":0,"comment_status":"closed","ping_status":"open","sticky":false,"template":"","format":"standard","meta":{"_acf_changed":false,"footnotes":"","_wpscppro_dont_share_socialmedia":false,"_wpscppro_custom_social_share_image":0,"_facebook_share_type":"","_twitter_share_type":"","_linkedin_share_type":"","_pinterest_share_type":"","_linkedin_share_type_page":"","_instagram_share_type":"","_medium_share_type":"","_threads_share_type":"","_google_business_share_type":"","_selected_social_profile":[],"_wpsp_enable_custom_social_template":false,"_wpsp_social_scheduling":{"enabled":false,"datetime":null,"platforms":[],"status":"template_only","dateOption":"today","timeOption":"now","customDays":"","customHours":"","customDate":"","customTime":"","schedulingType":"absolute"},"_wpsp_active_default_template":true},"categories":[67,92],"tags":[],"class_list":["post-13011","post","type-post","status-publish","format-standard","hentry","category-agenda","category-doc-moments"],"acf":[],"yoast_head":"<!-- This site is optimized with the Yoast SEO plugin v27.4 - https:\/\/yoast.com\/product\/yoast-seo-wordpress\/ -->\n<title>D\u00e9cembre 2018 - Une apr\u00e8s-midi au Centre d\u2019Etude Guerre et Soci\u00e9t\u00e9 (CegeSoma) et au Service Archives des Victimes de la Guerre (SVG). - ABD-BVD<\/title>\n<meta name=\"robots\" content=\"index, follow, max-snippet:-1, max-image-preview:large, max-video-preview:-1\" \/>\n<link rel=\"canonical\" href=\"https:\/\/www.abd-bvd.be\/fr\/doc-moments\/docmoment-une-apres-midi-de-decouverte-documentation-outils-de-recherche-et-de-valorisation-des-collections-du-centre-detude-guerre-et-societe-cegesoma-et-du-service-archives-des-victi\/\" \/>\n<meta property=\"og:locale\" content=\"fr_FR\" \/>\n<meta property=\"og:type\" content=\"article\" \/>\n<meta property=\"og:title\" content=\"D\u00e9cembre 2018 - Une apr\u00e8s-midi au Centre d\u2019Etude Guerre et Soci\u00e9t\u00e9 (CegeSoma) et au Service Archives des Victimes de la Guerre (SVG). - ABD-BVD\" \/>\n<meta property=\"og:description\" content=\"Une apr\u00e8s-midi de d\u00e9couverte. Documentation, outils de recherche et de valorisation des collections du Centre d\u2019Etude Guerre et Soci\u00e9t\u00e9 (CegeSoma) et du Service Archives des Victimes de la Guerre (SVG). C\u2019est en d\u00e9cembre 1967 que le Centre de Recherches et d\u2019Etudes historiques de la Seconde Guerre mondiale a vu le jour. Devenu entre-temps le CegeSoma [&hellip;]\" \/>\n<meta property=\"og:url\" content=\"https:\/\/www.abd-bvd.be\/fr\/doc-moments\/docmoment-une-apres-midi-de-decouverte-documentation-outils-de-recherche-et-de-valorisation-des-collections-du-centre-detude-guerre-et-societe-cegesoma-et-du-service-archives-des-victi\/\" \/>\n<meta property=\"og:site_name\" content=\"ABD-BVD\" \/>\n<meta property=\"article:published_time\" content=\"2018-11-08T08:42:53+00:00\" \/>\n<meta property=\"article:modified_time\" content=\"2019-01-20T17:54:17+00:00\" \/>\n<meta name=\"author\" content=\"Beno\u00eet Collet\" \/>\n<meta name=\"twitter:card\" content=\"summary_large_image\" \/>\n<meta name=\"twitter:label1\" content=\"\u00c9crit par\" \/>\n\t<meta name=\"twitter:data1\" content=\"Beno\u00eet Collet\" \/>\n\t<meta name=\"twitter:label2\" content=\"Dur\u00e9e de lecture estim\u00e9e\" \/>\n\t<meta name=\"twitter:data2\" content=\"2 minutes\" \/>\n<script type=\"application\/ld+json\" class=\"yoast-schema-graph\">{\"@context\":\"https:\\\/\\\/schema.org\",\"@graph\":[{\"@type\":\"Article\",\"@id\":\"https:\\\/\\\/www.abd-bvd.be\\\/fr\\\/doc-moments\\\/docmoment-une-apres-midi-de-decouverte-documentation-outils-de-recherche-et-de-valorisation-des-collections-du-centre-detude-guerre-et-societe-cegesoma-et-du-service-archives-des-victi\\\/#article\",\"isPartOf\":{\"@id\":\"https:\\\/\\\/www.abd-bvd.be\\\/fr\\\/doc-moments\\\/docmoment-une-apres-midi-de-decouverte-documentation-outils-de-recherche-et-de-valorisation-des-collections-du-centre-detude-guerre-et-societe-cegesoma-et-du-service-archives-des-victi\\\/\"},\"author\":{\"name\":\"Beno\u00eet Collet\",\"@id\":\"https:\\\/\\\/www.abd-bvd.be\\\/fr\\\/#\\\/schema\\\/person\\\/010d8e3569f7b9334d5cc2d9e0be5a2f\"},\"headline\":\"D\u00e9cembre 2018 &#8211; Une apr\u00e8s-midi au Centre d\u2019Etude Guerre et Soci\u00e9t\u00e9 (CegeSoma) et au Service Archives des Victimes de la Guerre (SVG).\",\"datePublished\":\"2018-11-08T08:42:53+00:00\",\"dateModified\":\"2019-01-20T17:54:17+00:00\",\"mainEntityOfPage\":{\"@id\":\"https:\\\/\\\/www.abd-bvd.be\\\/fr\\\/doc-moments\\\/docmoment-une-apres-midi-de-decouverte-documentation-outils-de-recherche-et-de-valorisation-des-collections-du-centre-detude-guerre-et-societe-cegesoma-et-du-service-archives-des-victi\\\/\"},\"wordCount\":387,\"articleSection\":[\"Agenda\",\"Doc'Moments\"],\"inLanguage\":\"fr-FR\"},{\"@type\":\"WebPage\",\"@id\":\"https:\\\/\\\/www.abd-bvd.be\\\/fr\\\/doc-moments\\\/docmoment-une-apres-midi-de-decouverte-documentation-outils-de-recherche-et-de-valorisation-des-collections-du-centre-detude-guerre-et-societe-cegesoma-et-du-service-archives-des-victi\\\/\",\"url\":\"https:\\\/\\\/www.abd-bvd.be\\\/fr\\\/doc-moments\\\/docmoment-une-apres-midi-de-decouverte-documentation-outils-de-recherche-et-de-valorisation-des-collections-du-centre-detude-guerre-et-societe-cegesoma-et-du-service-archives-des-victi\\\/\",\"name\":\"D\u00e9cembre 2018 - Une apr\u00e8s-midi au Centre d\u2019Etude Guerre et Soci\u00e9t\u00e9 (CegeSoma) et au Service Archives des Victimes de la Guerre (SVG). - ABD-BVD\",\"isPartOf\":{\"@id\":\"https:\\\/\\\/www.abd-bvd.be\\\/fr\\\/#website\"},\"datePublished\":\"2018-11-08T08:42:53+00:00\",\"dateModified\":\"2019-01-20T17:54:17+00:00\",\"author\":{\"@id\":\"https:\\\/\\\/www.abd-bvd.be\\\/fr\\\/#\\\/schema\\\/person\\\/010d8e3569f7b9334d5cc2d9e0be5a2f\"},\"breadcrumb\":{\"@id\":\"https:\\\/\\\/www.abd-bvd.be\\\/fr\\\/doc-moments\\\/docmoment-une-apres-midi-de-decouverte-documentation-outils-de-recherche-et-de-valorisation-des-collections-du-centre-detude-guerre-et-societe-cegesoma-et-du-service-archives-des-victi\\\/#breadcrumb\"},\"inLanguage\":\"fr-FR\",\"potentialAction\":[{\"@type\":\"ReadAction\",\"target\":[\"https:\\\/\\\/www.abd-bvd.be\\\/fr\\\/doc-moments\\\/docmoment-une-apres-midi-de-decouverte-documentation-outils-de-recherche-et-de-valorisation-des-collections-du-centre-detude-guerre-et-societe-cegesoma-et-du-service-archives-des-victi\\\/\"]}]},{\"@type\":\"BreadcrumbList\",\"@id\":\"https:\\\/\\\/www.abd-bvd.be\\\/fr\\\/doc-moments\\\/docmoment-une-apres-midi-de-decouverte-documentation-outils-de-recherche-et-de-valorisation-des-collections-du-centre-detude-guerre-et-societe-cegesoma-et-du-service-archives-des-victi\\\/#breadcrumb\",\"itemListElement\":[{\"@type\":\"ListItem\",\"position\":1,\"name\":\"Accueil\",\"item\":\"https:\\\/\\\/www.abd-bvd.be\\\/fr\\\/\"},{\"@type\":\"ListItem\",\"position\":2,\"name\":\"D\u00e9cembre 2018 &#8211; Une apr\u00e8s-midi au Centre d\u2019Etude Guerre et Soci\u00e9t\u00e9 (CegeSoma) et au Service Archives des Victimes de la Guerre (SVG).\"}]},{\"@type\":\"WebSite\",\"@id\":\"https:\\\/\\\/www.abd-bvd.be\\\/fr\\\/#website\",\"url\":\"https:\\\/\\\/www.abd-bvd.be\\\/fr\\\/\",\"name\":\"ABD-BVD\",\"description\":\"Association Belge de documentation - Belgische verniging voor documentatie\",\"potentialAction\":[{\"@type\":\"SearchAction\",\"target\":{\"@type\":\"EntryPoint\",\"urlTemplate\":\"https:\\\/\\\/www.abd-bvd.be\\\/fr\\\/?s={search_term_string}\"},\"query-input\":{\"@type\":\"PropertyValueSpecification\",\"valueRequired\":true,\"valueName\":\"search_term_string\"}}],\"inLanguage\":\"fr-FR\"},{\"@type\":\"Person\",\"@id\":\"https:\\\/\\\/www.abd-bvd.be\\\/fr\\\/#\\\/schema\\\/person\\\/010d8e3569f7b9334d5cc2d9e0be5a2f\",\"name\":\"Beno\u00eet Collet\",\"image\":{\"@type\":\"ImageObject\",\"inLanguage\":\"fr-FR\",\"@id\":\"https:\\\/\\\/secure.gravatar.com\\\/avatar\\\/52817dfd4da0f306e07b008bf2482909c90a9c9849a90cd0a029a1c786b5109a?s=96&d=mm&r=g\",\"url\":\"https:\\\/\\\/secure.gravatar.com\\\/avatar\\\/52817dfd4da0f306e07b008bf2482909c90a9c9849a90cd0a029a1c786b5109a?s=96&d=mm&r=g\",\"contentUrl\":\"https:\\\/\\\/secure.gravatar.com\\\/avatar\\\/52817dfd4da0f306e07b008bf2482909c90a9c9849a90cd0a029a1c786b5109a?s=96&d=mm&r=g\",\"caption\":\"Beno\u00eet Collet\"},\"url\":\"https:\\\/\\\/www.abd-bvd.be\\\/fr\\\/author\\\/benoit-collet\\\/\"}]}<\/script>\n<!-- \/ Yoast SEO plugin. -->","yoast_head_json":{"title":"D\u00e9cembre 2018 - Une apr\u00e8s-midi au Centre d\u2019Etude Guerre et Soci\u00e9t\u00e9 (CegeSoma) et au Service Archives des Victimes de la Guerre (SVG). - ABD-BVD","robots":{"index":"index","follow":"follow","max-snippet":"max-snippet:-1","max-image-preview":"max-image-preview:large","max-video-preview":"max-video-preview:-1"},"canonical":"https:\/\/www.abd-bvd.be\/fr\/doc-moments\/docmoment-une-apres-midi-de-decouverte-documentation-outils-de-recherche-et-de-valorisation-des-collections-du-centre-detude-guerre-et-societe-cegesoma-et-du-service-archives-des-victi\/","og_locale":"fr_FR","og_type":"article","og_title":"D\u00e9cembre 2018 - Une apr\u00e8s-midi au Centre d\u2019Etude Guerre et Soci\u00e9t\u00e9 (CegeSoma) et au Service Archives des Victimes de la Guerre (SVG). - ABD-BVD","og_description":"Une apr\u00e8s-midi de d\u00e9couverte. Documentation, outils de recherche et de valorisation des collections du Centre d\u2019Etude Guerre et Soci\u00e9t\u00e9 (CegeSoma) et du Service Archives des Victimes de la Guerre (SVG). C\u2019est en d\u00e9cembre 1967 que le Centre de Recherches et d\u2019Etudes historiques de la Seconde Guerre mondiale a vu le jour. Devenu entre-temps le CegeSoma [&hellip;]","og_url":"https:\/\/www.abd-bvd.be\/fr\/doc-moments\/docmoment-une-apres-midi-de-decouverte-documentation-outils-de-recherche-et-de-valorisation-des-collections-du-centre-detude-guerre-et-societe-cegesoma-et-du-service-archives-des-victi\/","og_site_name":"ABD-BVD","article_published_time":"2018-11-08T08:42:53+00:00","article_modified_time":"2019-01-20T17:54:17+00:00","author":"Beno\u00eet Collet","twitter_card":"summary_large_image","twitter_misc":{"\u00c9crit par":"Beno\u00eet Collet","Dur\u00e9e de lecture estim\u00e9e":"2 minutes"},"schema":{"@context":"https:\/\/schema.org","@graph":[{"@type":"Article","@id":"https:\/\/www.abd-bvd.be\/fr\/doc-moments\/docmoment-une-apres-midi-de-decouverte-documentation-outils-de-recherche-et-de-valorisation-des-collections-du-centre-detude-guerre-et-societe-cegesoma-et-du-service-archives-des-victi\/#article","isPartOf":{"@id":"https:\/\/www.abd-bvd.be\/fr\/doc-moments\/docmoment-une-apres-midi-de-decouverte-documentation-outils-de-recherche-et-de-valorisation-des-collections-du-centre-detude-guerre-et-societe-cegesoma-et-du-service-archives-des-victi\/"},"author":{"name":"Beno\u00eet Collet","@id":"https:\/\/www.abd-bvd.be\/fr\/#\/schema\/person\/010d8e3569f7b9334d5cc2d9e0be5a2f"},"headline":"D\u00e9cembre 2018 &#8211; Une apr\u00e8s-midi au Centre d\u2019Etude Guerre et Soci\u00e9t\u00e9 (CegeSoma) et au Service Archives des Victimes de la Guerre (SVG).","datePublished":"2018-11-08T08:42:53+00:00","dateModified":"2019-01-20T17:54:17+00:00","mainEntityOfPage":{"@id":"https:\/\/www.abd-bvd.be\/fr\/doc-moments\/docmoment-une-apres-midi-de-decouverte-documentation-outils-de-recherche-et-de-valorisation-des-collections-du-centre-detude-guerre-et-societe-cegesoma-et-du-service-archives-des-victi\/"},"wordCount":387,"articleSection":["Agenda","Doc'Moments"],"inLanguage":"fr-FR"},{"@type":"WebPage","@id":"https:\/\/www.abd-bvd.be\/fr\/doc-moments\/docmoment-une-apres-midi-de-decouverte-documentation-outils-de-recherche-et-de-valorisation-des-collections-du-centre-detude-guerre-et-societe-cegesoma-et-du-service-archives-des-victi\/","url":"https:\/\/www.abd-bvd.be\/fr\/doc-moments\/docmoment-une-apres-midi-de-decouverte-documentation-outils-de-recherche-et-de-valorisation-des-collections-du-centre-detude-guerre-et-societe-cegesoma-et-du-service-archives-des-victi\/","name":"D\u00e9cembre 2018 - Une apr\u00e8s-midi au Centre d\u2019Etude Guerre et Soci\u00e9t\u00e9 (CegeSoma) et au Service Archives des Victimes de la Guerre (SVG). - ABD-BVD","isPartOf":{"@id":"https:\/\/www.abd-bvd.be\/fr\/#website"},"datePublished":"2018-11-08T08:42:53+00:00","dateModified":"2019-01-20T17:54:17+00:00","author":{"@id":"https:\/\/www.abd-bvd.be\/fr\/#\/schema\/person\/010d8e3569f7b9334d5cc2d9e0be5a2f"},"breadcrumb":{"@id":"https:\/\/www.abd-bvd.be\/fr\/doc-moments\/docmoment-une-apres-midi-de-decouverte-documentation-outils-de-recherche-et-de-valorisation-des-collections-du-centre-detude-guerre-et-societe-cegesoma-et-du-service-archives-des-victi\/#breadcrumb"},"inLanguage":"fr-FR","potentialAction":[{"@type":"ReadAction","target":["https:\/\/www.abd-bvd.be\/fr\/doc-moments\/docmoment-une-apres-midi-de-decouverte-documentation-outils-de-recherche-et-de-valorisation-des-collections-du-centre-detude-guerre-et-societe-cegesoma-et-du-service-archives-des-victi\/"]}]},{"@type":"BreadcrumbList","@id":"https:\/\/www.abd-bvd.be\/fr\/doc-moments\/docmoment-une-apres-midi-de-decouverte-documentation-outils-de-recherche-et-de-valorisation-des-collections-du-centre-detude-guerre-et-societe-cegesoma-et-du-service-archives-des-victi\/#breadcrumb","itemListElement":[{"@type":"ListItem","position":1,"name":"Accueil","item":"https:\/\/www.abd-bvd.be\/fr\/"},{"@type":"ListItem","position":2,"name":"D\u00e9cembre 2018 &#8211; Une apr\u00e8s-midi au Centre d\u2019Etude Guerre et Soci\u00e9t\u00e9 (CegeSoma) et au Service Archives des Victimes de la Guerre (SVG)."}]},{"@type":"WebSite","@id":"https:\/\/www.abd-bvd.be\/fr\/#website","url":"https:\/\/www.abd-bvd.be\/fr\/","name":"ABD-BVD","description":"Association Belge de documentation - Belgische verniging voor documentatie","potentialAction":[{"@type":"SearchAction","target":{"@type":"EntryPoint","urlTemplate":"https:\/\/www.abd-bvd.be\/fr\/?s={search_term_string}"},"query-input":{"@type":"PropertyValueSpecification","valueRequired":true,"valueName":"search_term_string"}}],"inLanguage":"fr-FR"},{"@type":"Person","@id":"https:\/\/www.abd-bvd.be\/fr\/#\/schema\/person\/010d8e3569f7b9334d5cc2d9e0be5a2f","name":"Beno\u00eet Collet","image":{"@type":"ImageObject","inLanguage":"fr-FR","@id":"https:\/\/secure.gravatar.com\/avatar\/52817dfd4da0f306e07b008bf2482909c90a9c9849a90cd0a029a1c786b5109a?s=96&d=mm&r=g","url":"https:\/\/secure.gravatar.com\/avatar\/52817dfd4da0f306e07b008bf2482909c90a9c9849a90cd0a029a1c786b5109a?s=96&d=mm&r=g","contentUrl":"https:\/\/secure.gravatar.com\/avatar\/52817dfd4da0f306e07b008bf2482909c90a9c9849a90cd0a029a1c786b5109a?s=96&d=mm&r=g","caption":"Beno\u00eet Collet"},"url":"https:\/\/www.abd-bvd.be\/fr\/author\/benoit-collet\/"}]}},"_links":{"self":[{"href":"https:\/\/www.abd-bvd.be\/fr\/wp-json\/wp\/v2\/posts\/13011","targetHints":{"allow":["GET"]}}],"collection":[{"href":"https:\/\/www.abd-bvd.be\/fr\/wp-json\/wp\/v2\/posts"}],"about":[{"href":"https:\/\/www.abd-bvd.be\/fr\/wp-json\/wp\/v2\/types\/post"}],"author":[{"embeddable":true,"href":"https:\/\/www.abd-bvd.be\/fr\/wp-json\/wp\/v2\/users\/26"}],"replies":[{"embeddable":true,"href":"https:\/\/www.abd-bvd.be\/fr\/wp-json\/wp\/v2\/comments?post=13011"}],"version-history":[{"count":15,"href":"https:\/\/www.abd-bvd.be\/fr\/wp-json\/wp\/v2\/posts\/13011\/revisions"}],"predecessor-version":[{"id":13695,"href":"https:\/\/www.abd-bvd.be\/fr\/wp-json\/wp\/v2\/posts\/13011\/revisions\/13695"}],"wp:attachment":[{"href":"https:\/\/www.abd-bvd.be\/fr\/wp-json\/wp\/v2\/media?parent=13011"}],"wp:term":[{"taxonomy":"category","embeddable":true,"href":"https:\/\/www.abd-bvd.be\/fr\/wp-json\/wp\/v2\/categories?post=13011"},{"taxonomy":"post_tag","embeddable":true,"href":"https:\/\/www.abd-bvd.be\/fr\/wp-json\/wp\/v2\/tags?post=13011"}],"curies":[{"name":"wp","href":"https:\/\/api.w.org\/{rel}","templated":true}]}}