{"id":11539,"date":"2018-05-06T23:58:51","date_gmt":"2018-05-06T21:58:51","guid":{"rendered":"https:\/\/www.abd-bvd.be\/?p=11539"},"modified":"2018-05-06T23:58:51","modified_gmt":"2018-05-06T21:58:51","slug":"presse-et-droit-dauteur","status":"publish","type":"post","link":"https:\/\/www.abd-bvd.be\/fr\/actualites\/presse-et-droit-dauteur\/","title":{"rendered":"Presse et droit d\u2019auteur"},"content":{"rendered":"<p>Ce mardi 24 avril 2018, l&rsquo;ABD-BVD a organis\u00e9, un Doc&rsquo;Moment. Celui-ci portait sur la presse et le droit d&rsquo;auteur. Il a r\u00e9uni une trentaine de participants int\u00e9ress\u00e9s par cette th\u00e9matique dans nos biblioth\u00e8ques, centres de documentation, ou encore entreprises. Vous pouvez retrouver la <a href=\"https:\/\/www.abd-bvd.be\/fr\/doc-moments\/avril-2018-presse-droit-dauteur\/\">pr\u00e9sentation<\/a> de Dorien Taeymans et Bernard Vanbrabant sur ce site.<\/p>\n","protected":false},"excerpt":{"rendered":"<p>Ce mardi 24 avril 2018, l&rsquo;ABD-BVD a organis\u00e9, un Doc&rsquo;Moment. Celui-ci portait sur la presse et le droit d&rsquo;auteur. Il a r\u00e9uni une trentaine de participants int\u00e9ress\u00e9s par cette th\u00e9matique dans nos biblioth\u00e8ques, centres de documentation, ou encore entreprises. Vous pouvez retrouver la pr\u00e9sentation de Dorien Taeymans et Bernard Vanbrabant sur ce site.<\/p>\n","protected":false},"author":5,"featured_media":0,"comment_status":"closed","ping_status":"open","sticky":false,"template":"","format":"standard","meta":{"_acf_changed":false,"footnotes":"","_wpscppro_dont_share_socialmedia":false,"_wpscppro_custom_social_share_image":0,"_facebook_share_type":"","_twitter_share_type":"","_linkedin_share_type":"","_pinterest_share_type":"","_linkedin_share_type_page":"","_instagram_share_type":"","_medium_share_type":"","_threads_share_type":"","_google_business_share_type":"","_selected_social_profile":[],"_wpsp_enable_custom_social_template":false,"_wpsp_social_scheduling":{"enabled":false,"datetime":null,"platforms":[],"status":"template_only","dateOption":"today","timeOption":"now","customDays":"","customHours":"","customDate":"","customTime":"","schedulingType":"absolute"},"_wpsp_active_default_template":true},"categories":[3],"tags":[],"class_list":["post-11539","post","type-post","status-publish","format-standard","hentry","category-actualites"],"acf":[],"yoast_head":"<!-- This site is optimized with the Yoast SEO plugin v27.4 - https:\/\/yoast.com\/product\/yoast-seo-wordpress\/ -->\n<title>Presse et droit d\u2019auteur - ABD-BVD<\/title>\n<meta name=\"robots\" content=\"index, follow, max-snippet:-1, max-image-preview:large, max-video-preview:-1\" \/>\n<link rel=\"canonical\" href=\"https:\/\/www.abd-bvd.be\/fr\/actualites\/presse-et-droit-dauteur\/\" \/>\n<meta property=\"og:locale\" content=\"fr_FR\" \/>\n<meta property=\"og:type\" content=\"article\" \/>\n<meta property=\"og:title\" content=\"Presse et droit d\u2019auteur - ABD-BVD\" \/>\n<meta property=\"og:description\" content=\"Ce mardi 24 avril 2018, l&rsquo;ABD-BVD a organis\u00e9, un Doc&rsquo;Moment. Celui-ci portait sur la presse et le droit d&rsquo;auteur. Il a r\u00e9uni une trentaine de participants int\u00e9ress\u00e9s par cette th\u00e9matique dans nos biblioth\u00e8ques, centres de documentation, ou encore entreprises. Vous pouvez retrouver la pr\u00e9sentation de Dorien Taeymans et Bernard Vanbrabant sur ce site.\" \/>\n<meta property=\"og:url\" content=\"https:\/\/www.abd-bvd.be\/fr\/actualites\/presse-et-droit-dauteur\/\" \/>\n<meta property=\"og:site_name\" content=\"ABD-BVD\" \/>\n<meta property=\"article:published_time\" content=\"2018-05-06T21:58:51+00:00\" \/>\n<meta name=\"author\" content=\"Guy Delsaut\" \/>\n<meta name=\"twitter:card\" content=\"summary_large_image\" \/>\n<meta name=\"twitter:label1\" content=\"\u00c9crit par\" \/>\n\t<meta name=\"twitter:data1\" content=\"Guy Delsaut\" \/>\n<script type=\"application\/ld+json\" class=\"yoast-schema-graph\">{\"@context\":\"https:\\\/\\\/schema.org\",\"@graph\":[{\"@type\":\"Article\",\"@id\":\"https:\\\/\\\/www.abd-bvd.be\\\/fr\\\/actualites\\\/presse-et-droit-dauteur\\\/#article\",\"isPartOf\":{\"@id\":\"https:\\\/\\\/www.abd-bvd.be\\\/fr\\\/actualites\\\/presse-et-droit-dauteur\\\/\"},\"author\":{\"name\":\"Guy Delsaut\",\"@id\":\"https:\\\/\\\/www.abd-bvd.be\\\/fr\\\/#\\\/schema\\\/person\\\/b16d2027ba7bd24752b02f45e6c2d628\"},\"headline\":\"Presse et droit d\u2019auteur\",\"datePublished\":\"2018-05-06T21:58:51+00:00\",\"mainEntityOfPage\":{\"@id\":\"https:\\\/\\\/www.abd-bvd.be\\\/fr\\\/actualites\\\/presse-et-droit-dauteur\\\/\"},\"wordCount\":65,\"articleSection\":[\"Actualit\u00e9s\"],\"inLanguage\":\"fr-FR\"},{\"@type\":\"WebPage\",\"@id\":\"https:\\\/\\\/www.abd-bvd.be\\\/fr\\\/actualites\\\/presse-et-droit-dauteur\\\/\",\"url\":\"https:\\\/\\\/www.abd-bvd.be\\\/fr\\\/actualites\\\/presse-et-droit-dauteur\\\/\",\"name\":\"Presse et droit d\u2019auteur - ABD-BVD\",\"isPartOf\":{\"@id\":\"https:\\\/\\\/www.abd-bvd.be\\\/fr\\\/#website\"},\"datePublished\":\"2018-05-06T21:58:51+00:00\",\"author\":{\"@id\":\"https:\\\/\\\/www.abd-bvd.be\\\/fr\\\/#\\\/schema\\\/person\\\/b16d2027ba7bd24752b02f45e6c2d628\"},\"breadcrumb\":{\"@id\":\"https:\\\/\\\/www.abd-bvd.be\\\/fr\\\/actualites\\\/presse-et-droit-dauteur\\\/#breadcrumb\"},\"inLanguage\":\"fr-FR\",\"potentialAction\":[{\"@type\":\"ReadAction\",\"target\":[\"https:\\\/\\\/www.abd-bvd.be\\\/fr\\\/actualites\\\/presse-et-droit-dauteur\\\/\"]}]},{\"@type\":\"BreadcrumbList\",\"@id\":\"https:\\\/\\\/www.abd-bvd.be\\\/fr\\\/actualites\\\/presse-et-droit-dauteur\\\/#breadcrumb\",\"itemListElement\":[{\"@type\":\"ListItem\",\"position\":1,\"name\":\"Accueil\",\"item\":\"https:\\\/\\\/www.abd-bvd.be\\\/fr\\\/\"},{\"@type\":\"ListItem\",\"position\":2,\"name\":\"Presse et droit d\u2019auteur\"}]},{\"@type\":\"WebSite\",\"@id\":\"https:\\\/\\\/www.abd-bvd.be\\\/fr\\\/#website\",\"url\":\"https:\\\/\\\/www.abd-bvd.be\\\/fr\\\/\",\"name\":\"ABD-BVD\",\"description\":\"Association Belge de documentation - Belgische verniging voor documentatie\",\"potentialAction\":[{\"@type\":\"SearchAction\",\"target\":{\"@type\":\"EntryPoint\",\"urlTemplate\":\"https:\\\/\\\/www.abd-bvd.be\\\/fr\\\/?s={search_term_string}\"},\"query-input\":{\"@type\":\"PropertyValueSpecification\",\"valueRequired\":true,\"valueName\":\"search_term_string\"}}],\"inLanguage\":\"fr-FR\"},{\"@type\":\"Person\",\"@id\":\"https:\\\/\\\/www.abd-bvd.be\\\/fr\\\/#\\\/schema\\\/person\\\/b16d2027ba7bd24752b02f45e6c2d628\",\"name\":\"Guy Delsaut\",\"image\":{\"@type\":\"ImageObject\",\"inLanguage\":\"fr-FR\",\"@id\":\"https:\\\/\\\/secure.gravatar.com\\\/avatar\\\/661ab3e27256975e79639c97a039adabdf47fbcdcd1883bad66ee2e8b41bdfa7?s=96&d=mm&r=g\",\"url\":\"https:\\\/\\\/secure.gravatar.com\\\/avatar\\\/661ab3e27256975e79639c97a039adabdf47fbcdcd1883bad66ee2e8b41bdfa7?s=96&d=mm&r=g\",\"contentUrl\":\"https:\\\/\\\/secure.gravatar.com\\\/avatar\\\/661ab3e27256975e79639c97a039adabdf47fbcdcd1883bad66ee2e8b41bdfa7?s=96&d=mm&r=g\",\"caption\":\"Guy Delsaut\"},\"url\":\"https:\\\/\\\/www.abd-bvd.be\\\/fr\\\/author\\\/guy-delsaut\\\/\"}]}<\/script>\n<!-- \/ Yoast SEO plugin. -->","yoast_head_json":{"title":"Presse et droit d\u2019auteur - ABD-BVD","robots":{"index":"index","follow":"follow","max-snippet":"max-snippet:-1","max-image-preview":"max-image-preview:large","max-video-preview":"max-video-preview:-1"},"canonical":"https:\/\/www.abd-bvd.be\/fr\/actualites\/presse-et-droit-dauteur\/","og_locale":"fr_FR","og_type":"article","og_title":"Presse et droit d\u2019auteur - ABD-BVD","og_description":"Ce mardi 24 avril 2018, l&rsquo;ABD-BVD a organis\u00e9, un Doc&rsquo;Moment. Celui-ci portait sur la presse et le droit d&rsquo;auteur. Il a r\u00e9uni une trentaine de participants int\u00e9ress\u00e9s par cette th\u00e9matique dans nos biblioth\u00e8ques, centres de documentation, ou encore entreprises. Vous pouvez retrouver la pr\u00e9sentation de Dorien Taeymans et Bernard Vanbrabant sur ce site.","og_url":"https:\/\/www.abd-bvd.be\/fr\/actualites\/presse-et-droit-dauteur\/","og_site_name":"ABD-BVD","article_published_time":"2018-05-06T21:58:51+00:00","author":"Guy Delsaut","twitter_card":"summary_large_image","twitter_misc":{"\u00c9crit par":"Guy Delsaut"},"schema":{"@context":"https:\/\/schema.org","@graph":[{"@type":"Article","@id":"https:\/\/www.abd-bvd.be\/fr\/actualites\/presse-et-droit-dauteur\/#article","isPartOf":{"@id":"https:\/\/www.abd-bvd.be\/fr\/actualites\/presse-et-droit-dauteur\/"},"author":{"name":"Guy Delsaut","@id":"https:\/\/www.abd-bvd.be\/fr\/#\/schema\/person\/b16d2027ba7bd24752b02f45e6c2d628"},"headline":"Presse et droit d\u2019auteur","datePublished":"2018-05-06T21:58:51+00:00","mainEntityOfPage":{"@id":"https:\/\/www.abd-bvd.be\/fr\/actualites\/presse-et-droit-dauteur\/"},"wordCount":65,"articleSection":["Actualit\u00e9s"],"inLanguage":"fr-FR"},{"@type":"WebPage","@id":"https:\/\/www.abd-bvd.be\/fr\/actualites\/presse-et-droit-dauteur\/","url":"https:\/\/www.abd-bvd.be\/fr\/actualites\/presse-et-droit-dauteur\/","name":"Presse et droit d\u2019auteur - ABD-BVD","isPartOf":{"@id":"https:\/\/www.abd-bvd.be\/fr\/#website"},"datePublished":"2018-05-06T21:58:51+00:00","author":{"@id":"https:\/\/www.abd-bvd.be\/fr\/#\/schema\/person\/b16d2027ba7bd24752b02f45e6c2d628"},"breadcrumb":{"@id":"https:\/\/www.abd-bvd.be\/fr\/actualites\/presse-et-droit-dauteur\/#breadcrumb"},"inLanguage":"fr-FR","potentialAction":[{"@type":"ReadAction","target":["https:\/\/www.abd-bvd.be\/fr\/actualites\/presse-et-droit-dauteur\/"]}]},{"@type":"BreadcrumbList","@id":"https:\/\/www.abd-bvd.be\/fr\/actualites\/presse-et-droit-dauteur\/#breadcrumb","itemListElement":[{"@type":"ListItem","position":1,"name":"Accueil","item":"https:\/\/www.abd-bvd.be\/fr\/"},{"@type":"ListItem","position":2,"name":"Presse et droit d\u2019auteur"}]},{"@type":"WebSite","@id":"https:\/\/www.abd-bvd.be\/fr\/#website","url":"https:\/\/www.abd-bvd.be\/fr\/","name":"ABD-BVD","description":"Association Belge de documentation - Belgische verniging voor documentatie","potentialAction":[{"@type":"SearchAction","target":{"@type":"EntryPoint","urlTemplate":"https:\/\/www.abd-bvd.be\/fr\/?s={search_term_string}"},"query-input":{"@type":"PropertyValueSpecification","valueRequired":true,"valueName":"search_term_string"}}],"inLanguage":"fr-FR"},{"@type":"Person","@id":"https:\/\/www.abd-bvd.be\/fr\/#\/schema\/person\/b16d2027ba7bd24752b02f45e6c2d628","name":"Guy Delsaut","image":{"@type":"ImageObject","inLanguage":"fr-FR","@id":"https:\/\/secure.gravatar.com\/avatar\/661ab3e27256975e79639c97a039adabdf47fbcdcd1883bad66ee2e8b41bdfa7?s=96&d=mm&r=g","url":"https:\/\/secure.gravatar.com\/avatar\/661ab3e27256975e79639c97a039adabdf47fbcdcd1883bad66ee2e8b41bdfa7?s=96&d=mm&r=g","contentUrl":"https:\/\/secure.gravatar.com\/avatar\/661ab3e27256975e79639c97a039adabdf47fbcdcd1883bad66ee2e8b41bdfa7?s=96&d=mm&r=g","caption":"Guy Delsaut"},"url":"https:\/\/www.abd-bvd.be\/fr\/author\/guy-delsaut\/"}]}},"_links":{"self":[{"href":"https:\/\/www.abd-bvd.be\/fr\/wp-json\/wp\/v2\/posts\/11539","targetHints":{"allow":["GET"]}}],"collection":[{"href":"https:\/\/www.abd-bvd.be\/fr\/wp-json\/wp\/v2\/posts"}],"about":[{"href":"https:\/\/www.abd-bvd.be\/fr\/wp-json\/wp\/v2\/types\/post"}],"author":[{"embeddable":true,"href":"https:\/\/www.abd-bvd.be\/fr\/wp-json\/wp\/v2\/users\/5"}],"replies":[{"embeddable":true,"href":"https:\/\/www.abd-bvd.be\/fr\/wp-json\/wp\/v2\/comments?post=11539"}],"version-history":[{"count":2,"href":"https:\/\/www.abd-bvd.be\/fr\/wp-json\/wp\/v2\/posts\/11539\/revisions"}],"predecessor-version":[{"id":11541,"href":"https:\/\/www.abd-bvd.be\/fr\/wp-json\/wp\/v2\/posts\/11539\/revisions\/11541"}],"wp:attachment":[{"href":"https:\/\/www.abd-bvd.be\/fr\/wp-json\/wp\/v2\/media?parent=11539"}],"wp:term":[{"taxonomy":"category","embeddable":true,"href":"https:\/\/www.abd-bvd.be\/fr\/wp-json\/wp\/v2\/categories?post=11539"},{"taxonomy":"post_tag","embeddable":true,"href":"https:\/\/www.abd-bvd.be\/fr\/wp-json\/wp\/v2\/tags?post=11539"}],"curies":[{"name":"wp","href":"https:\/\/api.w.org\/{rel}","templated":true}]}}