{"id":11130,"date":"2018-03-23T14:18:55","date_gmt":"2018-03-23T13:18:55","guid":{"rendered":"https:\/\/www.abd-bvd.be\/?p=11130"},"modified":"2019-03-19T18:17:03","modified_gmt":"2019-03-19T17:17:03","slug":"2018-1","status":"publish","type":"post","link":"https:\/\/www.abd-bvd.be\/fr\/cahiers-de-la-documentation\/2018-1\/","title":{"rendered":"Cahiers de la Documentation 2018\/1 (mars 2018)"},"content":{"rendered":"\n<h2 class=\"wp-block-heading\"><figure><img loading=\"lazy\" decoding=\"async\" class=\"alignleft size-medium wp-image-11131\" src=\"https:\/\/www.abd-bvd.be\/wp-content\/uploads\/cahier-201801-web-212x300.jpg\" alt=\"\" width=\"212\" height=\"300\" srcset=\"https:\/\/www.abd-bvd.be\/wp-content\/uploads\/cahier-201801-web-212x300.jpg 212w, https:\/\/www.abd-bvd.be\/wp-content\/uploads\/cahier-201801-web-768x1086.jpg 768w, https:\/\/www.abd-bvd.be\/wp-content\/uploads\/cahier-201801-web-724x1024.jpg 724w\" sizes=\"auto, (max-width: 212px) 100vw, 212px\" \/><\/figure>\u00c9ditorial<\/h2>\n\n\n\n<p>Pour d\u00e9buter cette nouvelle ann\u00e9e, nous vous proposons un petit retour en arri\u00e8re, dans la continuit\u00e9 de notre Doc\u2019Moment du mois de d\u00e9cembre sur les learning centers, en nous replongeant dans la pr\u00e9sentation faite par Leen Lekens lors de l\u2019Inforum 2017, \u00e0 propos des nouveaux usages des \u00e9tudiants au Muntpunt.<br>Pour rester dans cet espace temporel, vous aurez ensuite le plaisir de d\u00e9couvrir en profondeur le travail de fin d\u2019\u00e9tudes d\u2019un des deux laur\u00e9ats du Prix ABD-BVD 2017, Alexandre Jacobs, sur l\u2019impact de probl\u00e8mes li\u00e9s aux sciences de l\u2019information sur les explosions de pipelines de gaz. Pour cl\u00f4turer ce volet \u00ab\u00a0Inforum\u00a0\u00bb, Ingrid de Pourcq nous parlera quant \u00e0 elle des tables rondes organis\u00e9es par la plate-forme de concertation des biblioth\u00e8ques d\u2019art flamandes (OKBV).<br>Sautons maintenant \u00e0 pieds joints vers 2018, avec un article pointu de Guillaume Sire sur les trois principales syntaxes du web s\u00e9mantique, leurs proc\u00e9d\u00e9s de normalisation et le fonctionnement des institutions charg\u00e9es de normaliser ces syntaxes. Siham Alaoui nous fera ensuite voyager jusqu\u2019au Maroc, en nous exposant la mise en place d\u2019un syst\u00e8me de gestion int\u00e9gr\u00e9e des documents (SGID) dans une organisation priv\u00e9e de son pays. Enfin, comme le sujet reste d\u2019actualit\u00e9, le directeur du Bureau europ\u00e9en des associations de biblioth\u00e8ques, d\u2019information et de documentation (EBLIDA), Vincent Bonnet, nous expliquera la place du droit d\u2019auteur dans le d\u00e9bat sur les biblioth\u00e8ques europ\u00e9ennes.<\/p>\n\n\n\n<p><strong>Catherine G\u00c9RARD<\/strong><\/p>\n\n\n\n<h2 class=\"wp-block-heading\">Een huis voor studenten<br>Een praktijk ervaring<\/h2>\n\n\n\n<p><b>Leen LEKENS, <\/b>Hoofdbibliothecaris &#8211; Muntpunt<\/p>\n\n\n\n<p>Depuis quelques ann\u00e9es, un nouveau ph\u00e9nom\u00e8ne se produit : de jeunes personnes (\u00e9tudiants et \u00e9l\u00e8ves) ont d\u00e9couvert la biblioth\u00e8que et viennent y travailler en groupes. Ce nouveau groupe d&rsquo;utilisateurs a trouv\u00e9 spontan\u00e9ment le chemin vers nos biblioth\u00e8ques. Ils sont \u00e0 la recherche de silence et d&rsquo;un environnement qui les encourage \u00e0 ne pas se laisser d\u00e9tourner par les m\u00e9dias sociaux. L&rsquo;exemple du Muntpunt, la biblioth\u00e8que principale flamande de Bruxelles, montre que les \u00e9tudiants avaient d\u00e9j\u00e0 trouv\u00e9 bien plus t\u00f4t le chemin vers la biblioth\u00e8que. Bien que le Muntpunt n&rsquo;ait jamais fait campagne en vue de se profiler comme lieu d&rsquo;\u00e9tude, les \u00e9tudiants font actuellement un usage massif de ce service. Un tour d&rsquo;horizon sur un int\u00e9ressant groupe d&rsquo;utilisateurs qui ne laisse personne indiff\u00e9rent.<\/p>\n\n\n\n<p><span class=\"file-button\"><a href=\"https:\/\/www.abd-bvd.be\/fr\/2018-1-lekens\/\">T\u00e9l\u00e9charger (NL)<\/a><\/span><\/p>\n\n\n\n<h2 class=\"wp-block-heading\">Information through the pipeline<br>Investigating IS-related issues in thee pipeline explosions<\/h2>\n\n\n\n<p><b>Alexandre JACOBS, <\/b>Consultant en Gestion Documentaire \/ Business Analyst, Exquando S.A.<\/p>\n\n\n\n<p>L\u2019article qui suit traite de l\u2019impact de probl\u00e8mes li\u00e9s aux sciences de l\u2019information sur les explosions de pipelines de gaz. Afin d\u2019y parvenir, la discussion clarifie d\u2019abord la notion de sciences de l\u2019information, et pr\u00e9sente un \u00e9chantillon de disciplines dans ce domaine \u00e0 la fois vaste et complexe (la gestion de projet, la gestion des connaissances et la qualit\u00e9 des donn\u00e9es). Pour chacune d\u2019entre elles, des sympt\u00f4mes probl\u00e9matiques vont \u00eatre s\u00e9lectionn\u00e9s, puis expos\u00e9s. L\u2019article d\u00e9terminera ensuite la partie sp\u00e9cifique de l&rsquo;industrie du gaz qui sera au centre de l\u2019attention, ainsi que les causes principales d\u2019explosions qui affectent celle-ci. Dans le but d\u2019offrir un aper\u00e7u complet de ces probl\u00e8mes dans les explosions de pipelines et de pouvoir juger de leur impact, l\u2019article portera sur la pr\u00e9sence de ces sympt\u00f4mes dans trois rapports d\u2019accidents (un au Canada, un aux \u00c9tats-Unis d\u2019Am\u00e9rique, et un dans l\u2019Union Europ\u00e9enne) qui traitent des trois causes.<\/p>\n\n\n\n<p><span class=\"file-button\"><a href=\"https:\/\/www.abd-bvd.be\/fr\/2018-1-jacobs\/\">T\u00e9l\u00e9charger (EN)<\/a><\/span><\/p>\n\n\n\n<h2 class=\"wp-block-heading\">Allemaal rond de tafel bij kunst- en museumbibliotheken<\/h2>\n\n\n\n<p><b>Ingrid DE POURCQ,<\/b> Bibliothecaris &#8211; Koninklijk Museum voor Schone Kunsten Antwerpen (KMSKA)<b><br><\/b><\/p>\n\n\n\n<p>Depuis 2015, les biblioth\u00e9caires de la Plateforme des biblioth\u00e8ques d\u2019art de Flandre (Overleg Kunstbibliotheken Vlaanderen &#8211; OKBV) se r\u00e9unissent autour d\u2019une table ronde, afin d\u2019\u00e9changer des bonnes pratiques sur certains sujets. Un double mouvement \u00e9merge de leurs discussions sur le public et les services. D\u2019un fonctionnement en mode ferm\u00e9, ils \u00e9voluent de plus en plus vers un fonctionnement ouvert, qui gagne en visibilit\u00e9 et attire un public plus large. En outre, la transition d\u2019un environnement physique vers un environnement num\u00e9rique est indubitable, o\u00f9 le service est de plus en plus rendu par voie \u00e9lectronique et \u00e0 distance. Dans les mus\u00e9es, les catalogues de biblioth\u00e8ques sont de plus en plus int\u00e9gr\u00e9s aux catalogues des collections d\u2019oeuvres d\u2019art, des banques d\u2019images et des donn\u00e9es d\u2019archives. Cela permet \u00e0 l\u2019utilisateur de trouver toutes les informations sur une oeuvre d\u2019art ou un artiste en un seul endroit. Pour chacune de ces \u00e9volutions, une collaboration avec d\u2019autres services au sein de l\u2019organisation est n\u00e9cessaire.<\/p>\n\n\n\n<p><span class=\"file-button\"><a href=\"https:\/\/www.abd-bvd.be\/fr\/2018-1-depourcq\/\">T\u00e9l\u00e9charger (NL)<\/a><\/span><\/p>\n\n\n\n<h2 class=\"wp-block-heading\">Les trois visages du web s\u00e9mantique<\/h2>\n\n\n\n<p><b>Guillaume SIRE<\/b>, Ma\u00eetre de conf\u00e9rences en Sciences de l\u2019Information et de la Communication<\/p>\n\n\n\n<p>Nous pr\u00e9sentons les trois principales syntaxes du web s\u00e9mantique, ainsi que leurs trois proc\u00e9d\u00e9s de normalisation et le fonctionnement des institutions qui se chargent de normaliser chacune d\u2019elles : le World Wide Web Consortium pour RDF\/RDFa, Commercenet pour les microformats et le Web Hypertext Application Technology Working Group (Whatwg) pour les microdonn\u00e9es. Tout en expliquant la diff\u00e9rence entre ces syntaxes et leurs institutions, nous montrons ainsi pourquoi chaque syntaxe est le fruit de valeurs qui lui sont propres et entre lesquelles les d\u00e9veloppeurs, d\u00e9sireux de rendre \u00ab\u00a0compr\u00e9hensibles\u00a0\u00bb leurs donn\u00e9es, doivent arbitrer. L\u2019enjeu n\u2019est rien moins que la cartographie conceptuelle du plus grand espace informationnel jamais vu, qui pour l\u2019instant est encore cartographi\u00e9 sur le mode hypertextuel qui a certes prouv\u00e9 son efficacit\u00e9, mais a \u00e9galement montr\u00e9 ses limites, notamment concernant le traitement algorithmique.<\/p>\n\n\n\n<p><span class=\"file-button\"><a href=\"https:\/\/www.abd-bvd.be\/fr\/2018-1-sire\/\">T\u00e9l\u00e9charger (FR)<\/a><\/span><\/p>\n\n\n\n<h2 class=\"wp-block-heading\">Le projet Hybridoc<br>La mise en place d&rsquo;un syst\u00e8me de gestion int\u00e9gr\u00e9e des documents (SGID)<\/h2>\n\n\n\n<p><b>Siham ALAOUI, <\/b>\u00c9tudiante au doctorat, d\u00e9partement des sciences historiques, Universit\u00e9 Laval, Qu\u00e9bec, Canada<b><br><\/b><\/p>\n\n\n\n<p>Dans un contexte de production documentaire hybride en constante croissance, les organisations marocaines tendent vers la mise en place des syst\u00e8mes de gestion d\u00e9di\u00e9s au contr\u00f4le et \u00e0 la gestion de cette masse documentaire. Il s\u2019agit des syst\u00e8mes de gestion int\u00e9gr\u00e9e des documents (SGID). Le pr\u00e9sent article pr\u00e9sente un bilan d\u2019exp\u00e9rience du projet Hybridoc, une implantation d\u2019un SGID \u00e0 l\u2019Institut sup\u00e9rieur de traduction (IST). Dans un premier temps, la GID en tant que pratique archivistique est expos\u00e9e. Les sp\u00e9cificit\u00e9s des SGID en tant que syst\u00e8mes d\u2019information organisationnels sont \u00e9galement nuanc\u00e9es. Dans un deuxi\u00e8me temps, nous d\u00e9crivons les \u00e9tapes du projet Hybridoc tout en signalant les principales difficult\u00e9s rencontr\u00e9es.<\/p>\n\n\n\n<p><span class=\"file-button\"><a href=\"https:\/\/www.abd-bvd.be\/fr\/2018-1-alaoui\/\">T\u00e9l\u00e9charger (FR)<\/a><\/span><\/p>\n\n\n\n<h2 class=\"wp-block-heading\">Libraries in the European Copyright debate<\/h2>\n\n\n\n<p><b>Vincent BONNET, <\/b>EBLIDA Director<\/p>\n\n\n\n<p>Les biblioth\u00e8ques ne sont ni une comp\u00e9tence exclusive de l&rsquo;Union europ\u00e9enne, ni une comp\u00e9tence partag\u00e9e avec les \u00c9tats membres. Elles sont une comp\u00e9tence exclusive des \u00c9tats membres (et des collectivit\u00e9s locales). Il n&rsquo;y a donc pas de loi sur les biblioth\u00e8ques au niveau europ\u00e9en, mais l&rsquo;absence d&rsquo;une loi ne signifie pas une absence de droits. En droit europ\u00e9en cependant, l&rsquo;approche du droit d&rsquo;auteur a \u00e9t\u00e9 plut\u00f4t restrictive et la question de son harmonisation appara\u00eet limit\u00e9e aux droits exclusifs du cr\u00e9ateur d&rsquo;une \u0153uvre originale. D&rsquo;autre part, aucune harmonisation n&rsquo;a \u00e9t\u00e9 introduite en ce qui concerne la contrepartie de ce droit, \u00e0 savoir les limitations et exceptions, dont la seule disposition commune est de se conformer au test en trois \u00e9tapes de la convention de Berne. Dans un tel contexte, la nature particuli\u00e8re de la relation entre le droit d&rsquo;auteur et les biblioth\u00e8ques est un excellent exemple de la complexit\u00e9 du dossier, et une tr\u00e8s bonne raison pour laquelle les biblioth\u00e8ques doivent faire pression au niveau europ\u00e9en.<\/p>\n\n\n\n<p><span class=\"file-button\"><a href=\"https:\/\/www.abd-bvd.be\/fr\/2018-1-bonnet\/\">T\u00e9l\u00e9charger (EN)<\/a><\/span><\/p>\n\n\n\n<p align=right><span class=\"file-button\"><a href=\"https:\/\/www.abd-bvd.be\/fr\/2018-1-full\/\">T\u00e9l\u00e9charger le num\u00e9ro complet<\/a><\/span><\/p>\n","protected":false},"excerpt":{"rendered":"<p>\u00c9ditorial Pour d\u00e9buter cette nouvelle ann\u00e9e, nous vous proposons un petit retour en arri\u00e8re, dans la continuit\u00e9 de notre Doc\u2019Moment du mois de d\u00e9cembre sur les learning centers, en nous replongeant dans la pr\u00e9sentation faite par Leen Lekens lors de l\u2019Inforum 2017, \u00e0 propos des nouveaux usages des \u00e9tudiants au Muntpunt.Pour rester dans cet espace [&hellip;]<\/p>\n","protected":false},"author":25,"featured_media":0,"comment_status":"closed","ping_status":"open","sticky":false,"template":"","format":"standard","meta":{"_acf_changed":false,"footnotes":"","_wpscppro_dont_share_socialmedia":false,"_wpscppro_custom_social_share_image":0,"_facebook_share_type":"","_twitter_share_type":"","_linkedin_share_type":"","_pinterest_share_type":"","_linkedin_share_type_page":"","_instagram_share_type":"","_medium_share_type":"","_threads_share_type":"","_google_business_share_type":"","_selected_social_profile":[],"_wpsp_enable_custom_social_template":false,"_wpsp_social_scheduling":{"enabled":false,"datetime":null,"platforms":[],"status":"template_only","dateOption":"today","timeOption":"now","customDays":"","customHours":"","customDate":"","customTime":"","schedulingType":"absolute"},"_wpsp_active_default_template":true},"categories":[69],"tags":[],"class_list":["post-11130","post","type-post","status-publish","format-standard","hentry","category-cahiers-de-la-documentation"],"acf":[],"yoast_head":"<!-- This site is optimized with the Yoast SEO plugin v27.4 - https:\/\/yoast.com\/product\/yoast-seo-wordpress\/ -->\n<title>Cahiers de la Documentation 2018\/1 (mars 2018) - ABD-BVD<\/title>\n<meta name=\"robots\" content=\"index, follow, max-snippet:-1, max-image-preview:large, max-video-preview:-1\" \/>\n<link rel=\"canonical\" href=\"https:\/\/www.abd-bvd.be\/fr\/cahiers-de-la-documentation\/2018-1\/\" \/>\n<meta property=\"og:locale\" content=\"fr_FR\" \/>\n<meta property=\"og:type\" content=\"article\" \/>\n<meta property=\"og:title\" content=\"Cahiers de la Documentation 2018\/1 (mars 2018) - ABD-BVD\" \/>\n<meta property=\"og:description\" content=\"\u00c9ditorial Pour d\u00e9buter cette nouvelle ann\u00e9e, nous vous proposons un petit retour en arri\u00e8re, dans la continuit\u00e9 de notre Doc\u2019Moment du mois de d\u00e9cembre sur les learning centers, en nous replongeant dans la pr\u00e9sentation faite par Leen Lekens lors de l\u2019Inforum 2017, \u00e0 propos des nouveaux usages des \u00e9tudiants au Muntpunt.Pour rester dans cet espace [&hellip;]\" \/>\n<meta property=\"og:url\" content=\"https:\/\/www.abd-bvd.be\/fr\/cahiers-de-la-documentation\/2018-1\/\" \/>\n<meta property=\"og:site_name\" content=\"ABD-BVD\" \/>\n<meta property=\"article:published_time\" content=\"2018-03-23T13:18:55+00:00\" \/>\n<meta property=\"article:modified_time\" content=\"2019-03-19T17:17:03+00:00\" \/>\n<meta property=\"og:image\" content=\"https:\/\/www.abd-bvd.be\/wp-content\/uploads\/cahier-201801-web-212x300.jpg\" \/>\n<meta name=\"author\" content=\"Samuel Piret\" \/>\n<meta name=\"twitter:card\" content=\"summary_large_image\" \/>\n<meta name=\"twitter:label1\" content=\"\u00c9crit par\" \/>\n\t<meta name=\"twitter:data1\" content=\"Samuel Piret\" \/>\n\t<meta name=\"twitter:label2\" content=\"Dur\u00e9e de lecture estim\u00e9e\" \/>\n\t<meta name=\"twitter:data2\" content=\"7 minutes\" \/>\n<script type=\"application\/ld+json\" class=\"yoast-schema-graph\">{\"@context\":\"https:\\\/\\\/schema.org\",\"@graph\":[{\"@type\":\"Article\",\"@id\":\"https:\\\/\\\/www.abd-bvd.be\\\/fr\\\/cahiers-de-la-documentation\\\/2018-1\\\/#article\",\"isPartOf\":{\"@id\":\"https:\\\/\\\/www.abd-bvd.be\\\/fr\\\/cahiers-de-la-documentation\\\/2018-1\\\/\"},\"author\":{\"name\":\"Samuel Piret\",\"@id\":\"https:\\\/\\\/www.abd-bvd.be\\\/fr\\\/#\\\/schema\\\/person\\\/8c1477a1481ed8775cc8dc40620a7fc4\"},\"headline\":\"Cahiers de la Documentation 2018\\\/1 (mars 2018)\",\"datePublished\":\"2018-03-23T13:18:55+00:00\",\"dateModified\":\"2019-03-19T17:17:03+00:00\",\"mainEntityOfPage\":{\"@id\":\"https:\\\/\\\/www.abd-bvd.be\\\/fr\\\/cahiers-de-la-documentation\\\/2018-1\\\/\"},\"wordCount\":1388,\"image\":{\"@id\":\"https:\\\/\\\/www.abd-bvd.be\\\/fr\\\/cahiers-de-la-documentation\\\/2018-1\\\/#primaryimage\"},\"thumbnailUrl\":\"https:\\\/\\\/www.abd-bvd.be\\\/wp-content\\\/uploads\\\/cahier-201801-web-212x300.jpg\",\"articleSection\":[\"Cahiers de la Documentation\"],\"inLanguage\":\"fr-FR\"},{\"@type\":\"WebPage\",\"@id\":\"https:\\\/\\\/www.abd-bvd.be\\\/fr\\\/cahiers-de-la-documentation\\\/2018-1\\\/\",\"url\":\"https:\\\/\\\/www.abd-bvd.be\\\/fr\\\/cahiers-de-la-documentation\\\/2018-1\\\/\",\"name\":\"Cahiers de la Documentation 2018\\\/1 (mars 2018) - ABD-BVD\",\"isPartOf\":{\"@id\":\"https:\\\/\\\/www.abd-bvd.be\\\/fr\\\/#website\"},\"primaryImageOfPage\":{\"@id\":\"https:\\\/\\\/www.abd-bvd.be\\\/fr\\\/cahiers-de-la-documentation\\\/2018-1\\\/#primaryimage\"},\"image\":{\"@id\":\"https:\\\/\\\/www.abd-bvd.be\\\/fr\\\/cahiers-de-la-documentation\\\/2018-1\\\/#primaryimage\"},\"thumbnailUrl\":\"https:\\\/\\\/www.abd-bvd.be\\\/wp-content\\\/uploads\\\/cahier-201801-web-212x300.jpg\",\"datePublished\":\"2018-03-23T13:18:55+00:00\",\"dateModified\":\"2019-03-19T17:17:03+00:00\",\"author\":{\"@id\":\"https:\\\/\\\/www.abd-bvd.be\\\/fr\\\/#\\\/schema\\\/person\\\/8c1477a1481ed8775cc8dc40620a7fc4\"},\"breadcrumb\":{\"@id\":\"https:\\\/\\\/www.abd-bvd.be\\\/fr\\\/cahiers-de-la-documentation\\\/2018-1\\\/#breadcrumb\"},\"inLanguage\":\"fr-FR\",\"potentialAction\":[{\"@type\":\"ReadAction\",\"target\":[\"https:\\\/\\\/www.abd-bvd.be\\\/fr\\\/cahiers-de-la-documentation\\\/2018-1\\\/\"]}]},{\"@type\":\"ImageObject\",\"inLanguage\":\"fr-FR\",\"@id\":\"https:\\\/\\\/www.abd-bvd.be\\\/fr\\\/cahiers-de-la-documentation\\\/2018-1\\\/#primaryimage\",\"url\":\"https:\\\/\\\/www.abd-bvd.be\\\/wp-content\\\/uploads\\\/cahier-201801-web-212x300.jpg\",\"contentUrl\":\"https:\\\/\\\/www.abd-bvd.be\\\/wp-content\\\/uploads\\\/cahier-201801-web-212x300.jpg\"},{\"@type\":\"BreadcrumbList\",\"@id\":\"https:\\\/\\\/www.abd-bvd.be\\\/fr\\\/cahiers-de-la-documentation\\\/2018-1\\\/#breadcrumb\",\"itemListElement\":[{\"@type\":\"ListItem\",\"position\":1,\"name\":\"Accueil\",\"item\":\"https:\\\/\\\/www.abd-bvd.be\\\/fr\\\/\"},{\"@type\":\"ListItem\",\"position\":2,\"name\":\"Cahiers de la Documentation 2018\\\/1 (mars 2018)\"}]},{\"@type\":\"WebSite\",\"@id\":\"https:\\\/\\\/www.abd-bvd.be\\\/fr\\\/#website\",\"url\":\"https:\\\/\\\/www.abd-bvd.be\\\/fr\\\/\",\"name\":\"ABD-BVD\",\"description\":\"Association Belge de documentation - Belgische verniging voor documentatie\",\"potentialAction\":[{\"@type\":\"SearchAction\",\"target\":{\"@type\":\"EntryPoint\",\"urlTemplate\":\"https:\\\/\\\/www.abd-bvd.be\\\/fr\\\/?s={search_term_string}\"},\"query-input\":{\"@type\":\"PropertyValueSpecification\",\"valueRequired\":true,\"valueName\":\"search_term_string\"}}],\"inLanguage\":\"fr-FR\"},{\"@type\":\"Person\",\"@id\":\"https:\\\/\\\/www.abd-bvd.be\\\/fr\\\/#\\\/schema\\\/person\\\/8c1477a1481ed8775cc8dc40620a7fc4\",\"name\":\"Samuel Piret\",\"image\":{\"@type\":\"ImageObject\",\"inLanguage\":\"fr-FR\",\"@id\":\"https:\\\/\\\/secure.gravatar.com\\\/avatar\\\/cee3a2d3b154849fab4023fe8528c315fac5f6770fdae8bb480de9d0e0b272a8?s=96&d=mm&r=g\",\"url\":\"https:\\\/\\\/secure.gravatar.com\\\/avatar\\\/cee3a2d3b154849fab4023fe8528c315fac5f6770fdae8bb480de9d0e0b272a8?s=96&d=mm&r=g\",\"contentUrl\":\"https:\\\/\\\/secure.gravatar.com\\\/avatar\\\/cee3a2d3b154849fab4023fe8528c315fac5f6770fdae8bb480de9d0e0b272a8?s=96&d=mm&r=g\",\"caption\":\"Samuel Piret\"},\"url\":\"https:\\\/\\\/www.abd-bvd.be\\\/fr\\\/author\\\/samuel-piret\\\/\"}]}<\/script>\n<!-- \/ Yoast SEO plugin. -->","yoast_head_json":{"title":"Cahiers de la Documentation 2018\/1 (mars 2018) - ABD-BVD","robots":{"index":"index","follow":"follow","max-snippet":"max-snippet:-1","max-image-preview":"max-image-preview:large","max-video-preview":"max-video-preview:-1"},"canonical":"https:\/\/www.abd-bvd.be\/fr\/cahiers-de-la-documentation\/2018-1\/","og_locale":"fr_FR","og_type":"article","og_title":"Cahiers de la Documentation 2018\/1 (mars 2018) - ABD-BVD","og_description":"\u00c9ditorial Pour d\u00e9buter cette nouvelle ann\u00e9e, nous vous proposons un petit retour en arri\u00e8re, dans la continuit\u00e9 de notre Doc\u2019Moment du mois de d\u00e9cembre sur les learning centers, en nous replongeant dans la pr\u00e9sentation faite par Leen Lekens lors de l\u2019Inforum 2017, \u00e0 propos des nouveaux usages des \u00e9tudiants au Muntpunt.Pour rester dans cet espace [&hellip;]","og_url":"https:\/\/www.abd-bvd.be\/fr\/cahiers-de-la-documentation\/2018-1\/","og_site_name":"ABD-BVD","article_published_time":"2018-03-23T13:18:55+00:00","article_modified_time":"2019-03-19T17:17:03+00:00","og_image":[{"url":"https:\/\/www.abd-bvd.be\/wp-content\/uploads\/cahier-201801-web-212x300.jpg","type":"","width":"","height":""}],"author":"Samuel Piret","twitter_card":"summary_large_image","twitter_misc":{"\u00c9crit par":"Samuel Piret","Dur\u00e9e de lecture estim\u00e9e":"7 minutes"},"schema":{"@context":"https:\/\/schema.org","@graph":[{"@type":"Article","@id":"https:\/\/www.abd-bvd.be\/fr\/cahiers-de-la-documentation\/2018-1\/#article","isPartOf":{"@id":"https:\/\/www.abd-bvd.be\/fr\/cahiers-de-la-documentation\/2018-1\/"},"author":{"name":"Samuel Piret","@id":"https:\/\/www.abd-bvd.be\/fr\/#\/schema\/person\/8c1477a1481ed8775cc8dc40620a7fc4"},"headline":"Cahiers de la Documentation 2018\/1 (mars 2018)","datePublished":"2018-03-23T13:18:55+00:00","dateModified":"2019-03-19T17:17:03+00:00","mainEntityOfPage":{"@id":"https:\/\/www.abd-bvd.be\/fr\/cahiers-de-la-documentation\/2018-1\/"},"wordCount":1388,"image":{"@id":"https:\/\/www.abd-bvd.be\/fr\/cahiers-de-la-documentation\/2018-1\/#primaryimage"},"thumbnailUrl":"https:\/\/www.abd-bvd.be\/wp-content\/uploads\/cahier-201801-web-212x300.jpg","articleSection":["Cahiers de la Documentation"],"inLanguage":"fr-FR"},{"@type":"WebPage","@id":"https:\/\/www.abd-bvd.be\/fr\/cahiers-de-la-documentation\/2018-1\/","url":"https:\/\/www.abd-bvd.be\/fr\/cahiers-de-la-documentation\/2018-1\/","name":"Cahiers de la Documentation 2018\/1 (mars 2018) - ABD-BVD","isPartOf":{"@id":"https:\/\/www.abd-bvd.be\/fr\/#website"},"primaryImageOfPage":{"@id":"https:\/\/www.abd-bvd.be\/fr\/cahiers-de-la-documentation\/2018-1\/#primaryimage"},"image":{"@id":"https:\/\/www.abd-bvd.be\/fr\/cahiers-de-la-documentation\/2018-1\/#primaryimage"},"thumbnailUrl":"https:\/\/www.abd-bvd.be\/wp-content\/uploads\/cahier-201801-web-212x300.jpg","datePublished":"2018-03-23T13:18:55+00:00","dateModified":"2019-03-19T17:17:03+00:00","author":{"@id":"https:\/\/www.abd-bvd.be\/fr\/#\/schema\/person\/8c1477a1481ed8775cc8dc40620a7fc4"},"breadcrumb":{"@id":"https:\/\/www.abd-bvd.be\/fr\/cahiers-de-la-documentation\/2018-1\/#breadcrumb"},"inLanguage":"fr-FR","potentialAction":[{"@type":"ReadAction","target":["https:\/\/www.abd-bvd.be\/fr\/cahiers-de-la-documentation\/2018-1\/"]}]},{"@type":"ImageObject","inLanguage":"fr-FR","@id":"https:\/\/www.abd-bvd.be\/fr\/cahiers-de-la-documentation\/2018-1\/#primaryimage","url":"https:\/\/www.abd-bvd.be\/wp-content\/uploads\/cahier-201801-web-212x300.jpg","contentUrl":"https:\/\/www.abd-bvd.be\/wp-content\/uploads\/cahier-201801-web-212x300.jpg"},{"@type":"BreadcrumbList","@id":"https:\/\/www.abd-bvd.be\/fr\/cahiers-de-la-documentation\/2018-1\/#breadcrumb","itemListElement":[{"@type":"ListItem","position":1,"name":"Accueil","item":"https:\/\/www.abd-bvd.be\/fr\/"},{"@type":"ListItem","position":2,"name":"Cahiers de la Documentation 2018\/1 (mars 2018)"}]},{"@type":"WebSite","@id":"https:\/\/www.abd-bvd.be\/fr\/#website","url":"https:\/\/www.abd-bvd.be\/fr\/","name":"ABD-BVD","description":"Association Belge de documentation - Belgische verniging voor documentatie","potentialAction":[{"@type":"SearchAction","target":{"@type":"EntryPoint","urlTemplate":"https:\/\/www.abd-bvd.be\/fr\/?s={search_term_string}"},"query-input":{"@type":"PropertyValueSpecification","valueRequired":true,"valueName":"search_term_string"}}],"inLanguage":"fr-FR"},{"@type":"Person","@id":"https:\/\/www.abd-bvd.be\/fr\/#\/schema\/person\/8c1477a1481ed8775cc8dc40620a7fc4","name":"Samuel Piret","image":{"@type":"ImageObject","inLanguage":"fr-FR","@id":"https:\/\/secure.gravatar.com\/avatar\/cee3a2d3b154849fab4023fe8528c315fac5f6770fdae8bb480de9d0e0b272a8?s=96&d=mm&r=g","url":"https:\/\/secure.gravatar.com\/avatar\/cee3a2d3b154849fab4023fe8528c315fac5f6770fdae8bb480de9d0e0b272a8?s=96&d=mm&r=g","contentUrl":"https:\/\/secure.gravatar.com\/avatar\/cee3a2d3b154849fab4023fe8528c315fac5f6770fdae8bb480de9d0e0b272a8?s=96&d=mm&r=g","caption":"Samuel Piret"},"url":"https:\/\/www.abd-bvd.be\/fr\/author\/samuel-piret\/"}]}},"_links":{"self":[{"href":"https:\/\/www.abd-bvd.be\/fr\/wp-json\/wp\/v2\/posts\/11130","targetHints":{"allow":["GET"]}}],"collection":[{"href":"https:\/\/www.abd-bvd.be\/fr\/wp-json\/wp\/v2\/posts"}],"about":[{"href":"https:\/\/www.abd-bvd.be\/fr\/wp-json\/wp\/v2\/types\/post"}],"author":[{"embeddable":true,"href":"https:\/\/www.abd-bvd.be\/fr\/wp-json\/wp\/v2\/users\/25"}],"replies":[{"embeddable":true,"href":"https:\/\/www.abd-bvd.be\/fr\/wp-json\/wp\/v2\/comments?post=11130"}],"version-history":[{"count":12,"href":"https:\/\/www.abd-bvd.be\/fr\/wp-json\/wp\/v2\/posts\/11130\/revisions"}],"predecessor-version":[{"id":14422,"href":"https:\/\/www.abd-bvd.be\/fr\/wp-json\/wp\/v2\/posts\/11130\/revisions\/14422"}],"wp:attachment":[{"href":"https:\/\/www.abd-bvd.be\/fr\/wp-json\/wp\/v2\/media?parent=11130"}],"wp:term":[{"taxonomy":"category","embeddable":true,"href":"https:\/\/www.abd-bvd.be\/fr\/wp-json\/wp\/v2\/categories?post=11130"},{"taxonomy":"post_tag","embeddable":true,"href":"https:\/\/www.abd-bvd.be\/fr\/wp-json\/wp\/v2\/tags?post=11130"}],"curies":[{"name":"wp","href":"https:\/\/api.w.org\/{rel}","templated":true}]}}