{"id":10966,"date":"2018-03-04T18:27:44","date_gmt":"2018-03-04T17:27:44","guid":{"rendered":"https:\/\/www.abd-bvd.be\/?p=10966"},"modified":"2018-03-04T18:46:48","modified_gmt":"2018-03-04T17:46:48","slug":"assemblee-generale-2018","status":"publish","type":"post","link":"https:\/\/www.abd-bvd.be\/fr\/agenda\/assemblee-generale-2018\/","title":{"rendered":"Assembl\u00e9e g\u00e9n\u00e9rale 2018"},"content":{"rendered":"<p>Vous avez du temps ?\u200b \u200bV\u200bous \u00eates passionn\u00e9 par le secteur de l&rsquo;InfoDoc ? Vous aimez le travail collaboratif ? Alors, posez votre candidature pour devenir membre du CA ou commissaire aux comptes ! Pour ce faire, posez votre candidature en remplissant ce <a href=\"https:\/\/www.abd-bvd.be\/fr\/a-propos\/conseil-dadministration\/candidature\/\">formulaire<\/a> avant le 13 mars.<\/p>\n<p>L&rsquo;\u00e9lection des nouveaux administrateurs aura lieu pendant l\u2019Assembl\u00e9e g\u00e9n\u00e9rale, le 20 mars 2018 \u00e0 16h30 \u00e0 l&rsquo;Institut royal du Patrimoine artistique (IRPA), juste apr\u00e8s la <a href=\"https:\/\/www.abd-bvd.be\/fr\/agenda\/docmoment-mar2018\/\">visite de l&rsquo;Institut<\/a>. Voici son ordre du jour :<\/p>\n<p style=\"padding-left: 30px;\">&#8211; pr\u00e9sentation des comptes de l&rsquo;exercice 2017<br \/>\n&#8211; pr\u00e9sentation du rapport des commissaires aux comptes<br \/>\n&#8211; approbation des comptes de l&rsquo;exercice 2017<br \/>\n&#8211; pr\u00e9sentation et approbation du budget 2018<br \/>\n&#8211; \u00e9lection pour remplacer les administrateurs sortants : Danielle Couvreur, Guy Delsaut, Dominique Dewind, St\u00e9phanie Fort, Catherine G\u00e9rard, Didier Haas, Philippe Laurent, Alain Reisenfeld, Isabelle Somville-Cornet, Marc Van den Bergh, Dominique J.P. Vanp\u00e9e, Fr\u00e9d\u00e9ric Vergez, Stephanie Wolbeek<br \/>\n&#8211; pr\u00e9sentation des candidats aux postes d\u2019administrateurs vacants<br \/>\n&#8211; vote<br \/>\n&#8211; pr\u00e9sentation du rapport du conseil d&rsquo;administration<br \/>\n&#8211; d\u00e9charge aux administrateurs et aux commissaires pour l&rsquo;exercice 2017<br \/>\n&#8211; r\u00e9sultats des votes<br \/>\n&#8211; d\u00e9signation des commissaires aux comptes pour l\u2019exercice 2018<\/p>\n<p>\u200bTous nos membres y sont cordialement invit\u00e9s.<\/p>\n<h2>Invitation<\/h2>\n<p><span class=\"file-button\"><a href=\"https:\/\/www.abd-bvd.be\/wp-content\/uploads\/AG-AV_2018_bijeenroeping-convocation.pdf\">T\u00e9l\u00e9charger (NL-FR)<\/a><\/span><\/p>\n<h2>Procuration<\/h2>\n<p><span class=\"file-button\"><a href=\"https:\/\/www.abd-bvd.be\/wp-content\/uploads\/AG-AV_2018_volmacht-procuration.pdf\">T\u00e9l\u00e9charger (NL-FR)<\/a><\/span><\/p>\n<hr \/>\n<p><em>Lieu <\/em>: Institut Royal du Patrimoine Artistique (IRPA)<\/p>\n<p><em>Adresse<\/em> : Parc du Cinquantenaire, 1 \u00e0 1000 Bruxelles<\/p>\n<p><strong>Entr\u00e9e par l&rsquo;avenue de la Renaissance<\/strong>, en face du num\u00e9ro 42 (indiquez cette adresse dans votre GPS)<\/p>\n<p><strong>Plan d&rsquo;acc\u00e8s<\/strong><br \/>\n<span class=\"file-button\"><a href=\"http:\/\/www.kikirpa.be\/FR\/42\/193\/Contact.htm\">Acc\u00e9der (FR)<\/a><\/span><\/p>\n","protected":false},"excerpt":{"rendered":"<p>Vous avez du temps ?\u200b \u200bV\u200bous \u00eates passionn\u00e9 par le secteur de l&rsquo;InfoDoc ? Vous aimez le travail collaboratif ? Alors, posez votre candidature pour devenir membre du CA ou commissaire aux comptes ! Pour ce faire, posez votre candidature en remplissant ce formulaire avant le 13 mars. L&rsquo;\u00e9lection des nouveaux administrateurs aura lieu pendant [&hellip;]<\/p>\n","protected":false},"author":5,"featured_media":0,"comment_status":"closed","ping_status":"open","sticky":false,"template":"","format":"standard","meta":{"_acf_changed":false,"footnotes":"","_wpscppro_dont_share_socialmedia":false,"_wpscppro_custom_social_share_image":0,"_facebook_share_type":"","_twitter_share_type":"","_linkedin_share_type":"","_pinterest_share_type":"","_linkedin_share_type_page":"","_instagram_share_type":"","_medium_share_type":"","_threads_share_type":"","_google_business_share_type":"","_selected_social_profile":[],"_wpsp_enable_custom_social_template":false,"_wpsp_social_scheduling":{"enabled":false,"datetime":null,"platforms":[],"status":"template_only","dateOption":"today","timeOption":"now","customDays":"","customHours":"","customDate":"","customTime":"","schedulingType":"absolute"},"_wpsp_active_default_template":true},"categories":[67],"tags":[],"class_list":["post-10966","post","type-post","status-publish","format-standard","hentry","category-agenda"],"acf":[],"yoast_head":"<!-- This site is optimized with the Yoast SEO plugin v27.4 - https:\/\/yoast.com\/product\/yoast-seo-wordpress\/ -->\n<title>Assembl\u00e9e g\u00e9n\u00e9rale 2018 - ABD-BVD<\/title>\n<meta name=\"robots\" content=\"index, follow, max-snippet:-1, max-image-preview:large, max-video-preview:-1\" \/>\n<link rel=\"canonical\" href=\"https:\/\/www.abd-bvd.be\/fr\/agenda\/assemblee-generale-2018\/\" \/>\n<meta property=\"og:locale\" content=\"fr_FR\" \/>\n<meta property=\"og:type\" content=\"article\" \/>\n<meta property=\"og:title\" content=\"Assembl\u00e9e g\u00e9n\u00e9rale 2018 - ABD-BVD\" \/>\n<meta property=\"og:description\" content=\"Vous avez du temps ?\u200b \u200bV\u200bous \u00eates passionn\u00e9 par le secteur de l&rsquo;InfoDoc ? Vous aimez le travail collaboratif ? Alors, posez votre candidature pour devenir membre du CA ou commissaire aux comptes ! Pour ce faire, posez votre candidature en remplissant ce formulaire avant le 13 mars. L&rsquo;\u00e9lection des nouveaux administrateurs aura lieu pendant [&hellip;]\" \/>\n<meta property=\"og:url\" content=\"https:\/\/www.abd-bvd.be\/fr\/agenda\/assemblee-generale-2018\/\" \/>\n<meta property=\"og:site_name\" content=\"ABD-BVD\" \/>\n<meta property=\"article:published_time\" content=\"2018-03-04T17:27:44+00:00\" \/>\n<meta property=\"article:modified_time\" content=\"2018-03-04T17:46:48+00:00\" \/>\n<meta name=\"author\" content=\"Guy Delsaut\" \/>\n<meta name=\"twitter:card\" content=\"summary_large_image\" \/>\n<meta name=\"twitter:label1\" content=\"\u00c9crit par\" \/>\n\t<meta name=\"twitter:data1\" content=\"Guy Delsaut\" \/>\n\t<meta name=\"twitter:label2\" content=\"Dur\u00e9e de lecture estim\u00e9e\" \/>\n\t<meta name=\"twitter:data2\" content=\"1 minute\" \/>\n<script type=\"application\/ld+json\" class=\"yoast-schema-graph\">{\"@context\":\"https:\\\/\\\/schema.org\",\"@graph\":[{\"@type\":\"Article\",\"@id\":\"https:\\\/\\\/www.abd-bvd.be\\\/fr\\\/agenda\\\/assemblee-generale-2018\\\/#article\",\"isPartOf\":{\"@id\":\"https:\\\/\\\/www.abd-bvd.be\\\/fr\\\/agenda\\\/assemblee-generale-2018\\\/\"},\"author\":{\"name\":\"Guy Delsaut\",\"@id\":\"https:\\\/\\\/www.abd-bvd.be\\\/fr\\\/#\\\/schema\\\/person\\\/b16d2027ba7bd24752b02f45e6c2d628\"},\"headline\":\"Assembl\u00e9e g\u00e9n\u00e9rale 2018\",\"datePublished\":\"2018-03-04T17:27:44+00:00\",\"dateModified\":\"2018-03-04T17:46:48+00:00\",\"mainEntityOfPage\":{\"@id\":\"https:\\\/\\\/www.abd-bvd.be\\\/fr\\\/agenda\\\/assemblee-generale-2018\\\/\"},\"wordCount\":263,\"articleSection\":[\"Agenda\"],\"inLanguage\":\"fr-FR\"},{\"@type\":\"WebPage\",\"@id\":\"https:\\\/\\\/www.abd-bvd.be\\\/fr\\\/agenda\\\/assemblee-generale-2018\\\/\",\"url\":\"https:\\\/\\\/www.abd-bvd.be\\\/fr\\\/agenda\\\/assemblee-generale-2018\\\/\",\"name\":\"Assembl\u00e9e g\u00e9n\u00e9rale 2018 - ABD-BVD\",\"isPartOf\":{\"@id\":\"https:\\\/\\\/www.abd-bvd.be\\\/fr\\\/#website\"},\"datePublished\":\"2018-03-04T17:27:44+00:00\",\"dateModified\":\"2018-03-04T17:46:48+00:00\",\"author\":{\"@id\":\"https:\\\/\\\/www.abd-bvd.be\\\/fr\\\/#\\\/schema\\\/person\\\/b16d2027ba7bd24752b02f45e6c2d628\"},\"breadcrumb\":{\"@id\":\"https:\\\/\\\/www.abd-bvd.be\\\/fr\\\/agenda\\\/assemblee-generale-2018\\\/#breadcrumb\"},\"inLanguage\":\"fr-FR\",\"potentialAction\":[{\"@type\":\"ReadAction\",\"target\":[\"https:\\\/\\\/www.abd-bvd.be\\\/fr\\\/agenda\\\/assemblee-generale-2018\\\/\"]}]},{\"@type\":\"BreadcrumbList\",\"@id\":\"https:\\\/\\\/www.abd-bvd.be\\\/fr\\\/agenda\\\/assemblee-generale-2018\\\/#breadcrumb\",\"itemListElement\":[{\"@type\":\"ListItem\",\"position\":1,\"name\":\"Accueil\",\"item\":\"https:\\\/\\\/www.abd-bvd.be\\\/fr\\\/\"},{\"@type\":\"ListItem\",\"position\":2,\"name\":\"Assembl\u00e9e g\u00e9n\u00e9rale 2018\"}]},{\"@type\":\"WebSite\",\"@id\":\"https:\\\/\\\/www.abd-bvd.be\\\/fr\\\/#website\",\"url\":\"https:\\\/\\\/www.abd-bvd.be\\\/fr\\\/\",\"name\":\"ABD-BVD\",\"description\":\"Association Belge de documentation - Belgische verniging voor documentatie\",\"potentialAction\":[{\"@type\":\"SearchAction\",\"target\":{\"@type\":\"EntryPoint\",\"urlTemplate\":\"https:\\\/\\\/www.abd-bvd.be\\\/fr\\\/?s={search_term_string}\"},\"query-input\":{\"@type\":\"PropertyValueSpecification\",\"valueRequired\":true,\"valueName\":\"search_term_string\"}}],\"inLanguage\":\"fr-FR\"},{\"@type\":\"Person\",\"@id\":\"https:\\\/\\\/www.abd-bvd.be\\\/fr\\\/#\\\/schema\\\/person\\\/b16d2027ba7bd24752b02f45e6c2d628\",\"name\":\"Guy Delsaut\",\"image\":{\"@type\":\"ImageObject\",\"inLanguage\":\"fr-FR\",\"@id\":\"https:\\\/\\\/secure.gravatar.com\\\/avatar\\\/661ab3e27256975e79639c97a039adabdf47fbcdcd1883bad66ee2e8b41bdfa7?s=96&d=mm&r=g\",\"url\":\"https:\\\/\\\/secure.gravatar.com\\\/avatar\\\/661ab3e27256975e79639c97a039adabdf47fbcdcd1883bad66ee2e8b41bdfa7?s=96&d=mm&r=g\",\"contentUrl\":\"https:\\\/\\\/secure.gravatar.com\\\/avatar\\\/661ab3e27256975e79639c97a039adabdf47fbcdcd1883bad66ee2e8b41bdfa7?s=96&d=mm&r=g\",\"caption\":\"Guy Delsaut\"},\"url\":\"https:\\\/\\\/www.abd-bvd.be\\\/fr\\\/author\\\/guy-delsaut\\\/\"}]}<\/script>\n<!-- \/ Yoast SEO plugin. -->","yoast_head_json":{"title":"Assembl\u00e9e g\u00e9n\u00e9rale 2018 - ABD-BVD","robots":{"index":"index","follow":"follow","max-snippet":"max-snippet:-1","max-image-preview":"max-image-preview:large","max-video-preview":"max-video-preview:-1"},"canonical":"https:\/\/www.abd-bvd.be\/fr\/agenda\/assemblee-generale-2018\/","og_locale":"fr_FR","og_type":"article","og_title":"Assembl\u00e9e g\u00e9n\u00e9rale 2018 - ABD-BVD","og_description":"Vous avez du temps ?\u200b \u200bV\u200bous \u00eates passionn\u00e9 par le secteur de l&rsquo;InfoDoc ? Vous aimez le travail collaboratif ? Alors, posez votre candidature pour devenir membre du CA ou commissaire aux comptes ! Pour ce faire, posez votre candidature en remplissant ce formulaire avant le 13 mars. L&rsquo;\u00e9lection des nouveaux administrateurs aura lieu pendant [&hellip;]","og_url":"https:\/\/www.abd-bvd.be\/fr\/agenda\/assemblee-generale-2018\/","og_site_name":"ABD-BVD","article_published_time":"2018-03-04T17:27:44+00:00","article_modified_time":"2018-03-04T17:46:48+00:00","author":"Guy Delsaut","twitter_card":"summary_large_image","twitter_misc":{"\u00c9crit par":"Guy Delsaut","Dur\u00e9e de lecture estim\u00e9e":"1 minute"},"schema":{"@context":"https:\/\/schema.org","@graph":[{"@type":"Article","@id":"https:\/\/www.abd-bvd.be\/fr\/agenda\/assemblee-generale-2018\/#article","isPartOf":{"@id":"https:\/\/www.abd-bvd.be\/fr\/agenda\/assemblee-generale-2018\/"},"author":{"name":"Guy Delsaut","@id":"https:\/\/www.abd-bvd.be\/fr\/#\/schema\/person\/b16d2027ba7bd24752b02f45e6c2d628"},"headline":"Assembl\u00e9e g\u00e9n\u00e9rale 2018","datePublished":"2018-03-04T17:27:44+00:00","dateModified":"2018-03-04T17:46:48+00:00","mainEntityOfPage":{"@id":"https:\/\/www.abd-bvd.be\/fr\/agenda\/assemblee-generale-2018\/"},"wordCount":263,"articleSection":["Agenda"],"inLanguage":"fr-FR"},{"@type":"WebPage","@id":"https:\/\/www.abd-bvd.be\/fr\/agenda\/assemblee-generale-2018\/","url":"https:\/\/www.abd-bvd.be\/fr\/agenda\/assemblee-generale-2018\/","name":"Assembl\u00e9e g\u00e9n\u00e9rale 2018 - ABD-BVD","isPartOf":{"@id":"https:\/\/www.abd-bvd.be\/fr\/#website"},"datePublished":"2018-03-04T17:27:44+00:00","dateModified":"2018-03-04T17:46:48+00:00","author":{"@id":"https:\/\/www.abd-bvd.be\/fr\/#\/schema\/person\/b16d2027ba7bd24752b02f45e6c2d628"},"breadcrumb":{"@id":"https:\/\/www.abd-bvd.be\/fr\/agenda\/assemblee-generale-2018\/#breadcrumb"},"inLanguage":"fr-FR","potentialAction":[{"@type":"ReadAction","target":["https:\/\/www.abd-bvd.be\/fr\/agenda\/assemblee-generale-2018\/"]}]},{"@type":"BreadcrumbList","@id":"https:\/\/www.abd-bvd.be\/fr\/agenda\/assemblee-generale-2018\/#breadcrumb","itemListElement":[{"@type":"ListItem","position":1,"name":"Accueil","item":"https:\/\/www.abd-bvd.be\/fr\/"},{"@type":"ListItem","position":2,"name":"Assembl\u00e9e g\u00e9n\u00e9rale 2018"}]},{"@type":"WebSite","@id":"https:\/\/www.abd-bvd.be\/fr\/#website","url":"https:\/\/www.abd-bvd.be\/fr\/","name":"ABD-BVD","description":"Association Belge de documentation - Belgische verniging voor documentatie","potentialAction":[{"@type":"SearchAction","target":{"@type":"EntryPoint","urlTemplate":"https:\/\/www.abd-bvd.be\/fr\/?s={search_term_string}"},"query-input":{"@type":"PropertyValueSpecification","valueRequired":true,"valueName":"search_term_string"}}],"inLanguage":"fr-FR"},{"@type":"Person","@id":"https:\/\/www.abd-bvd.be\/fr\/#\/schema\/person\/b16d2027ba7bd24752b02f45e6c2d628","name":"Guy Delsaut","image":{"@type":"ImageObject","inLanguage":"fr-FR","@id":"https:\/\/secure.gravatar.com\/avatar\/661ab3e27256975e79639c97a039adabdf47fbcdcd1883bad66ee2e8b41bdfa7?s=96&d=mm&r=g","url":"https:\/\/secure.gravatar.com\/avatar\/661ab3e27256975e79639c97a039adabdf47fbcdcd1883bad66ee2e8b41bdfa7?s=96&d=mm&r=g","contentUrl":"https:\/\/secure.gravatar.com\/avatar\/661ab3e27256975e79639c97a039adabdf47fbcdcd1883bad66ee2e8b41bdfa7?s=96&d=mm&r=g","caption":"Guy Delsaut"},"url":"https:\/\/www.abd-bvd.be\/fr\/author\/guy-delsaut\/"}]}},"_links":{"self":[{"href":"https:\/\/www.abd-bvd.be\/fr\/wp-json\/wp\/v2\/posts\/10966","targetHints":{"allow":["GET"]}}],"collection":[{"href":"https:\/\/www.abd-bvd.be\/fr\/wp-json\/wp\/v2\/posts"}],"about":[{"href":"https:\/\/www.abd-bvd.be\/fr\/wp-json\/wp\/v2\/types\/post"}],"author":[{"embeddable":true,"href":"https:\/\/www.abd-bvd.be\/fr\/wp-json\/wp\/v2\/users\/5"}],"replies":[{"embeddable":true,"href":"https:\/\/www.abd-bvd.be\/fr\/wp-json\/wp\/v2\/comments?post=10966"}],"version-history":[{"count":7,"href":"https:\/\/www.abd-bvd.be\/fr\/wp-json\/wp\/v2\/posts\/10966\/revisions"}],"predecessor-version":[{"id":10978,"href":"https:\/\/www.abd-bvd.be\/fr\/wp-json\/wp\/v2\/posts\/10966\/revisions\/10978"}],"wp:attachment":[{"href":"https:\/\/www.abd-bvd.be\/fr\/wp-json\/wp\/v2\/media?parent=10966"}],"wp:term":[{"taxonomy":"category","embeddable":true,"href":"https:\/\/www.abd-bvd.be\/fr\/wp-json\/wp\/v2\/categories?post=10966"},{"taxonomy":"post_tag","embeddable":true,"href":"https:\/\/www.abd-bvd.be\/fr\/wp-json\/wp\/v2\/tags?post=10966"}],"curies":[{"name":"wp","href":"https:\/\/api.w.org\/{rel}","templated":true}]}}