{"id":10160,"date":"2017-11-21T12:45:27","date_gmt":"2017-11-21T11:45:27","guid":{"rendered":"https:\/\/www.abd-bvd.be\/?p=10160"},"modified":"2017-11-27T14:42:22","modified_gmt":"2017-11-27T13:42:22","slug":"gid-gouvernance-de-linformation","status":"publish","type":"post","link":"https:\/\/www.abd-bvd.be\/fr\/actualites\/gid-gouvernance-de-linformation\/","title":{"rendered":"GID et gouvernance de l&rsquo;information"},"content":{"rendered":"<div id=\"divtagdefaultwrapper\" dir=\"ltr\">\n<div>\n<div dir=\"ltr\">\n<div id=\"x_divtagdefaultwrapper\" dir=\"ltr\">\n<div>\n<div>\n<div>Ce jeudi 9 novembre 2017, l\u2019ABD-BVD a organis\u00e9, conjointement avec l\u2019Association des Archivistes francophones de Belgique (AAFB), un Doc&rsquo;Moment. Celui-ci portait notamment sur la \u00ab\u00a0GID : Le cycle de vie de l&rsquo;information comme mantra\u00a0\u00bb. Il a r\u00e9uni une trentaine de participants int\u00e9ress\u00e9s par cette th\u00e9matique importante dans nos biblioth\u00e8ques, centres de documentation, ou encore entreprises. Vous pouvez retrouver <a href=\"https:\/\/www.abd-bvd.be\/fr\/doc-moments\/novembre-2017\/\">la pr\u00e9sentation de Marie-Laurence Dubois<\/a> sur ce site. Celle de&nbsp;Florian Delabie est disponible sur demande&nbsp; (email: <a href=\"mailto:doc.moment@abd-bvd.be\">doc.moment@abd-bvd.be<\/a>), uniquement pour consultation.<\/div>\n<\/div>\n<\/div>\n<\/div>\n<\/div>\n<\/div>\n<\/div>\n","protected":false},"excerpt":{"rendered":"<p>Ce jeudi 9 novembre 2017, l\u2019ABD-BVD a organis\u00e9, conjointement avec l\u2019Association des Archivistes francophones de Belgique (AAFB), un Doc&rsquo;Moment. Celui-ci portait notamment sur la \u00ab\u00a0GID : Le cycle de vie de l&rsquo;information comme mantra\u00a0\u00bb. Il a r\u00e9uni une trentaine de participants int\u00e9ress\u00e9s par cette th\u00e9matique importante dans nos biblioth\u00e8ques, centres de documentation, ou encore entreprises. [&hellip;]<\/p>\n","protected":false},"author":5,"featured_media":0,"comment_status":"closed","ping_status":"open","sticky":false,"template":"","format":"standard","meta":{"_acf_changed":false,"footnotes":"","_wpscppro_dont_share_socialmedia":false,"_wpscppro_custom_social_share_image":0,"_facebook_share_type":"","_twitter_share_type":"","_linkedin_share_type":"","_pinterest_share_type":"","_linkedin_share_type_page":"","_instagram_share_type":"","_medium_share_type":"","_threads_share_type":"","_google_business_share_type":"","_selected_social_profile":[],"_wpsp_enable_custom_social_template":false,"_wpsp_social_scheduling":{"enabled":false,"datetime":null,"platforms":[],"status":"template_only","dateOption":"today","timeOption":"now","customDays":"","customHours":"","customDate":"","customTime":"","schedulingType":"absolute"},"_wpsp_active_default_template":true},"categories":[3],"tags":[],"class_list":["post-10160","post","type-post","status-publish","format-standard","hentry","category-actualites"],"acf":[],"yoast_head":"<!-- This site is optimized with the Yoast SEO plugin v27.4 - https:\/\/yoast.com\/product\/yoast-seo-wordpress\/ -->\n<title>GID et gouvernance de l&#039;information - ABD-BVD<\/title>\n<meta name=\"description\" content=\"Ce 9 novembre 2017, l\u2019ABD-BVD a organis\u00e9, conjointement avec l\u2019AAFB, un Doc&#039;Moment la &quot;GID : Le cycle de vie de l&#039;information comme mantra&quot;.\" \/>\n<meta name=\"robots\" content=\"index, follow, max-snippet:-1, max-image-preview:large, max-video-preview:-1\" \/>\n<link rel=\"canonical\" href=\"https:\/\/www.abd-bvd.be\/fr\/actualites\/gid-gouvernance-de-linformation\/\" \/>\n<meta property=\"og:locale\" content=\"fr_FR\" \/>\n<meta property=\"og:type\" content=\"article\" \/>\n<meta property=\"og:title\" content=\"GID et gouvernance de l&#039;information - ABD-BVD\" \/>\n<meta property=\"og:description\" content=\"Ce 9 novembre 2017, l\u2019ABD-BVD a organis\u00e9, conjointement avec l\u2019AAFB, un Doc&#039;Moment la &quot;GID : Le cycle de vie de l&#039;information comme mantra&quot;.\" \/>\n<meta property=\"og:url\" content=\"https:\/\/www.abd-bvd.be\/fr\/actualites\/gid-gouvernance-de-linformation\/\" \/>\n<meta property=\"og:site_name\" content=\"ABD-BVD\" \/>\n<meta property=\"article:published_time\" content=\"2017-11-21T11:45:27+00:00\" \/>\n<meta property=\"article:modified_time\" content=\"2017-11-27T13:42:22+00:00\" \/>\n<meta name=\"author\" content=\"Guy Delsaut\" \/>\n<meta name=\"twitter:card\" content=\"summary_large_image\" \/>\n<meta name=\"twitter:label1\" content=\"\u00c9crit par\" \/>\n\t<meta name=\"twitter:data1\" content=\"Guy Delsaut\" \/>\n<script type=\"application\/ld+json\" class=\"yoast-schema-graph\">{\"@context\":\"https:\\\/\\\/schema.org\",\"@graph\":[{\"@type\":\"Article\",\"@id\":\"https:\\\/\\\/www.abd-bvd.be\\\/fr\\\/actualites\\\/gid-gouvernance-de-linformation\\\/#article\",\"isPartOf\":{\"@id\":\"https:\\\/\\\/www.abd-bvd.be\\\/fr\\\/actualites\\\/gid-gouvernance-de-linformation\\\/\"},\"author\":{\"name\":\"Guy Delsaut\",\"@id\":\"https:\\\/\\\/www.abd-bvd.be\\\/fr\\\/#\\\/schema\\\/person\\\/b16d2027ba7bd24752b02f45e6c2d628\"},\"headline\":\"GID et gouvernance de l&rsquo;information\",\"datePublished\":\"2017-11-21T11:45:27+00:00\",\"dateModified\":\"2017-11-27T13:42:22+00:00\",\"mainEntityOfPage\":{\"@id\":\"https:\\\/\\\/www.abd-bvd.be\\\/fr\\\/actualites\\\/gid-gouvernance-de-linformation\\\/\"},\"wordCount\":97,\"articleSection\":[\"Actualit\u00e9s\"],\"inLanguage\":\"fr-FR\"},{\"@type\":\"WebPage\",\"@id\":\"https:\\\/\\\/www.abd-bvd.be\\\/fr\\\/actualites\\\/gid-gouvernance-de-linformation\\\/\",\"url\":\"https:\\\/\\\/www.abd-bvd.be\\\/fr\\\/actualites\\\/gid-gouvernance-de-linformation\\\/\",\"name\":\"GID et gouvernance de l'information - ABD-BVD\",\"isPartOf\":{\"@id\":\"https:\\\/\\\/www.abd-bvd.be\\\/fr\\\/#website\"},\"datePublished\":\"2017-11-21T11:45:27+00:00\",\"dateModified\":\"2017-11-27T13:42:22+00:00\",\"author\":{\"@id\":\"https:\\\/\\\/www.abd-bvd.be\\\/fr\\\/#\\\/schema\\\/person\\\/b16d2027ba7bd24752b02f45e6c2d628\"},\"description\":\"Ce 9 novembre 2017, l\u2019ABD-BVD a organis\u00e9, conjointement avec l\u2019AAFB, un Doc'Moment la \\\"GID : Le cycle de vie de l'information comme mantra\\\".\",\"breadcrumb\":{\"@id\":\"https:\\\/\\\/www.abd-bvd.be\\\/fr\\\/actualites\\\/gid-gouvernance-de-linformation\\\/#breadcrumb\"},\"inLanguage\":\"fr-FR\",\"potentialAction\":[{\"@type\":\"ReadAction\",\"target\":[\"https:\\\/\\\/www.abd-bvd.be\\\/fr\\\/actualites\\\/gid-gouvernance-de-linformation\\\/\"]}]},{\"@type\":\"BreadcrumbList\",\"@id\":\"https:\\\/\\\/www.abd-bvd.be\\\/fr\\\/actualites\\\/gid-gouvernance-de-linformation\\\/#breadcrumb\",\"itemListElement\":[{\"@type\":\"ListItem\",\"position\":1,\"name\":\"Accueil\",\"item\":\"https:\\\/\\\/www.abd-bvd.be\\\/fr\\\/\"},{\"@type\":\"ListItem\",\"position\":2,\"name\":\"GID et gouvernance de l&rsquo;information\"}]},{\"@type\":\"WebSite\",\"@id\":\"https:\\\/\\\/www.abd-bvd.be\\\/fr\\\/#website\",\"url\":\"https:\\\/\\\/www.abd-bvd.be\\\/fr\\\/\",\"name\":\"ABD-BVD\",\"description\":\"Association Belge de documentation - Belgische verniging voor documentatie\",\"potentialAction\":[{\"@type\":\"SearchAction\",\"target\":{\"@type\":\"EntryPoint\",\"urlTemplate\":\"https:\\\/\\\/www.abd-bvd.be\\\/fr\\\/?s={search_term_string}\"},\"query-input\":{\"@type\":\"PropertyValueSpecification\",\"valueRequired\":true,\"valueName\":\"search_term_string\"}}],\"inLanguage\":\"fr-FR\"},{\"@type\":\"Person\",\"@id\":\"https:\\\/\\\/www.abd-bvd.be\\\/fr\\\/#\\\/schema\\\/person\\\/b16d2027ba7bd24752b02f45e6c2d628\",\"name\":\"Guy Delsaut\",\"image\":{\"@type\":\"ImageObject\",\"inLanguage\":\"fr-FR\",\"@id\":\"https:\\\/\\\/secure.gravatar.com\\\/avatar\\\/661ab3e27256975e79639c97a039adabdf47fbcdcd1883bad66ee2e8b41bdfa7?s=96&d=mm&r=g\",\"url\":\"https:\\\/\\\/secure.gravatar.com\\\/avatar\\\/661ab3e27256975e79639c97a039adabdf47fbcdcd1883bad66ee2e8b41bdfa7?s=96&d=mm&r=g\",\"contentUrl\":\"https:\\\/\\\/secure.gravatar.com\\\/avatar\\\/661ab3e27256975e79639c97a039adabdf47fbcdcd1883bad66ee2e8b41bdfa7?s=96&d=mm&r=g\",\"caption\":\"Guy Delsaut\"},\"url\":\"https:\\\/\\\/www.abd-bvd.be\\\/fr\\\/author\\\/guy-delsaut\\\/\"}]}<\/script>\n<!-- \/ Yoast SEO plugin. -->","yoast_head_json":{"title":"GID et gouvernance de l'information - ABD-BVD","description":"Ce 9 novembre 2017, l\u2019ABD-BVD a organis\u00e9, conjointement avec l\u2019AAFB, un Doc'Moment la \"GID : Le cycle de vie de l'information comme mantra\".","robots":{"index":"index","follow":"follow","max-snippet":"max-snippet:-1","max-image-preview":"max-image-preview:large","max-video-preview":"max-video-preview:-1"},"canonical":"https:\/\/www.abd-bvd.be\/fr\/actualites\/gid-gouvernance-de-linformation\/","og_locale":"fr_FR","og_type":"article","og_title":"GID et gouvernance de l'information - ABD-BVD","og_description":"Ce 9 novembre 2017, l\u2019ABD-BVD a organis\u00e9, conjointement avec l\u2019AAFB, un Doc'Moment la \"GID : Le cycle de vie de l'information comme mantra\".","og_url":"https:\/\/www.abd-bvd.be\/fr\/actualites\/gid-gouvernance-de-linformation\/","og_site_name":"ABD-BVD","article_published_time":"2017-11-21T11:45:27+00:00","article_modified_time":"2017-11-27T13:42:22+00:00","author":"Guy Delsaut","twitter_card":"summary_large_image","twitter_misc":{"\u00c9crit par":"Guy Delsaut"},"schema":{"@context":"https:\/\/schema.org","@graph":[{"@type":"Article","@id":"https:\/\/www.abd-bvd.be\/fr\/actualites\/gid-gouvernance-de-linformation\/#article","isPartOf":{"@id":"https:\/\/www.abd-bvd.be\/fr\/actualites\/gid-gouvernance-de-linformation\/"},"author":{"name":"Guy Delsaut","@id":"https:\/\/www.abd-bvd.be\/fr\/#\/schema\/person\/b16d2027ba7bd24752b02f45e6c2d628"},"headline":"GID et gouvernance de l&rsquo;information","datePublished":"2017-11-21T11:45:27+00:00","dateModified":"2017-11-27T13:42:22+00:00","mainEntityOfPage":{"@id":"https:\/\/www.abd-bvd.be\/fr\/actualites\/gid-gouvernance-de-linformation\/"},"wordCount":97,"articleSection":["Actualit\u00e9s"],"inLanguage":"fr-FR"},{"@type":"WebPage","@id":"https:\/\/www.abd-bvd.be\/fr\/actualites\/gid-gouvernance-de-linformation\/","url":"https:\/\/www.abd-bvd.be\/fr\/actualites\/gid-gouvernance-de-linformation\/","name":"GID et gouvernance de l'information - ABD-BVD","isPartOf":{"@id":"https:\/\/www.abd-bvd.be\/fr\/#website"},"datePublished":"2017-11-21T11:45:27+00:00","dateModified":"2017-11-27T13:42:22+00:00","author":{"@id":"https:\/\/www.abd-bvd.be\/fr\/#\/schema\/person\/b16d2027ba7bd24752b02f45e6c2d628"},"description":"Ce 9 novembre 2017, l\u2019ABD-BVD a organis\u00e9, conjointement avec l\u2019AAFB, un Doc'Moment la \"GID : Le cycle de vie de l'information comme mantra\".","breadcrumb":{"@id":"https:\/\/www.abd-bvd.be\/fr\/actualites\/gid-gouvernance-de-linformation\/#breadcrumb"},"inLanguage":"fr-FR","potentialAction":[{"@type":"ReadAction","target":["https:\/\/www.abd-bvd.be\/fr\/actualites\/gid-gouvernance-de-linformation\/"]}]},{"@type":"BreadcrumbList","@id":"https:\/\/www.abd-bvd.be\/fr\/actualites\/gid-gouvernance-de-linformation\/#breadcrumb","itemListElement":[{"@type":"ListItem","position":1,"name":"Accueil","item":"https:\/\/www.abd-bvd.be\/fr\/"},{"@type":"ListItem","position":2,"name":"GID et gouvernance de l&rsquo;information"}]},{"@type":"WebSite","@id":"https:\/\/www.abd-bvd.be\/fr\/#website","url":"https:\/\/www.abd-bvd.be\/fr\/","name":"ABD-BVD","description":"Association Belge de documentation - Belgische verniging voor documentatie","potentialAction":[{"@type":"SearchAction","target":{"@type":"EntryPoint","urlTemplate":"https:\/\/www.abd-bvd.be\/fr\/?s={search_term_string}"},"query-input":{"@type":"PropertyValueSpecification","valueRequired":true,"valueName":"search_term_string"}}],"inLanguage":"fr-FR"},{"@type":"Person","@id":"https:\/\/www.abd-bvd.be\/fr\/#\/schema\/person\/b16d2027ba7bd24752b02f45e6c2d628","name":"Guy Delsaut","image":{"@type":"ImageObject","inLanguage":"fr-FR","@id":"https:\/\/secure.gravatar.com\/avatar\/661ab3e27256975e79639c97a039adabdf47fbcdcd1883bad66ee2e8b41bdfa7?s=96&d=mm&r=g","url":"https:\/\/secure.gravatar.com\/avatar\/661ab3e27256975e79639c97a039adabdf47fbcdcd1883bad66ee2e8b41bdfa7?s=96&d=mm&r=g","contentUrl":"https:\/\/secure.gravatar.com\/avatar\/661ab3e27256975e79639c97a039adabdf47fbcdcd1883bad66ee2e8b41bdfa7?s=96&d=mm&r=g","caption":"Guy Delsaut"},"url":"https:\/\/www.abd-bvd.be\/fr\/author\/guy-delsaut\/"}]}},"_links":{"self":[{"href":"https:\/\/www.abd-bvd.be\/fr\/wp-json\/wp\/v2\/posts\/10160","targetHints":{"allow":["GET"]}}],"collection":[{"href":"https:\/\/www.abd-bvd.be\/fr\/wp-json\/wp\/v2\/posts"}],"about":[{"href":"https:\/\/www.abd-bvd.be\/fr\/wp-json\/wp\/v2\/types\/post"}],"author":[{"embeddable":true,"href":"https:\/\/www.abd-bvd.be\/fr\/wp-json\/wp\/v2\/users\/5"}],"replies":[{"embeddable":true,"href":"https:\/\/www.abd-bvd.be\/fr\/wp-json\/wp\/v2\/comments?post=10160"}],"version-history":[{"count":0,"href":"https:\/\/www.abd-bvd.be\/fr\/wp-json\/wp\/v2\/posts\/10160\/revisions"}],"wp:attachment":[{"href":"https:\/\/www.abd-bvd.be\/fr\/wp-json\/wp\/v2\/media?parent=10160"}],"wp:term":[{"taxonomy":"category","embeddable":true,"href":"https:\/\/www.abd-bvd.be\/fr\/wp-json\/wp\/v2\/categories?post=10160"},{"taxonomy":"post_tag","embeddable":true,"href":"https:\/\/www.abd-bvd.be\/fr\/wp-json\/wp\/v2\/tags?post=10160"}],"curies":[{"name":"wp","href":"https:\/\/api.w.org\/{rel}","templated":true}]}}